{"provider_url": "https://www.camaraamericobrasiliense.sp.gov.br", "title": "Deputado Federal Zarattini visita Am\u00e9rico", "html": "<p><img src=\"https://www.camaraamericobrasiliense.sp.gov.br/VereadorCidoMineiroediretoradeSadeElianaMarsilli.jpg\" alt=\"Vereador Cid\u00e3o Mineiro e diretora de Sa\u00fade Eliana Marsilli\" class=\"image-inline\" title=\"Vereador Cid\u00e3o Mineiro e diretora de Sa\u00fade Eliana Marsilli\" /></p>\r\n<p>Vereador Cid\u00e3o Mineiro e diretora de Sa\u00fade Eliana Marsilli entregando pedidos de<br />ajuda em recursos para compra de uma ambul\u00e2ncia e uma Van para Sa\u00fade de<br />Am\u00e9rico. (Imagem: Den\u00edlson Lopes de Andrade)</p>\r\n<p>\u00a0</p>\r\n<p>Na manh\u00e3 do \u00faltimo domingo, dia 24 de Outubro, o Deputado Federal Carlos Zarattini visitou a Feira Livre, localizada na Antiga Esta\u00e7\u00e3o de Trem em Am\u00e9rico Brasiliense (SP), local este que receber\u00e1 uma estrutura de cobertura, atrav\u00e9s de uma parte da emenda parlamentar de Zarattini avaliada em R$ 300 mil reais.<br />O valor total da obra avaliado em cerca de R$ 700 mil reais tamb\u00e9m recebeu outros R$ 300 mil reais, vindas atrav\u00e9s do Deputado Federal Vanderlei Macris e uma outra contrapartida de R$100 mil reais da prefeitura local.</p>\r\n<p><img src=\"https://www.camaraamericobrasiliense.sp.gov.br/ExvereadorAlemovereadorMaiconRioseCidoMineiro.jpg\" alt=\"Ex-vereador Alem\u00e3o vereador Maicon Rios e Cid\u00e3o Mineiro\" class=\"image-inline\" title=\"Ex-vereador Alem\u00e3o vereador Maicon Rios e Cid\u00e3o Mineiro\" /></p>\r\n<p>Ex-vereador Alem\u00e3o, vereador Maicon Rios e Cid\u00e3o Mineiro com o deputado Zaratti<br />mostrando como ficar\u00e1 o local. (Imagem: Den\u00edlson Lopes de Andrade)</p>\r\n<p>Participaram da visita a deputada estadual Marcia Lia, vereadores de Am\u00e9rico, Santa L\u00facia, Araraquara e regi\u00e3o. Ex-vereadores municipais, diretores, chefes da prefeitura e integrantes da sociedade tamb\u00e9m estiveram no local prestigiando Zarattini.</p>\r\n<p><img src=\"https://www.camaraamericobrasiliense.sp.gov.br/DeputadoZarattiniemAmrico.jpg\" alt=\"Deputado Zarattini em Am\u00e9rico\" class=\"image-inline\" title=\"Deputado Zarattini em Am\u00e9rico\" /></p>\r\n<p>Deputado Zarattini em Am\u00e9rico. (Imagem: Den\u00edlson Lopes de Andrade).</p>\r\n<p>\u00a0</p>\r\n<p>Acompanhado de seus assessores, do vereador Cid\u00e3o Mineiro e de lideran\u00e7as comunit\u00e1rias, o deputado federal apresentou informa\u00e7\u00f5es sobre sua emenda parlamentar que foi disponibilizada para custear essa estrutura de cobertura que ir\u00e1 beneficiar os eventos de cultura, lazer e recrea\u00e7\u00e3o que ser\u00e3o realizados nesse local, al\u00e9m da Feira Livre que funciona todos os domingos nessa \u00e1rea.</p>\r\n<p>\u00a0</p>\r\n<p>Durante sua visita, Carlos Zarattini tamb\u00e9m recebeu of\u00edcios de pol\u00edticos com solicita\u00e7\u00f5es de pedidos de ajuda para diversos munic\u00edpios, entre eles, um feito pelo vereador Cid\u00e3o Mineiro, solicitando mais um ve\u00edculo Tipo Van e uma ambul\u00e2ncia para transportar pacientes do setor de Sa\u00fade de Am\u00e9rico.<br />(Assessoria de Comunica\u00e7\u00e3o da C\u00e2mara Municipal de Am\u00e9rico Brasiliense)</p>", "author_name": "administrador", "version": "1.0", "author_url": "https://www.camaraamericobrasiliense.sp.gov.br/author/administrador", "provider_name": "C\u00e2mara Municipal", "type": "rich"}