{"provider_url": "https://www.camaraamericobrasiliense.sp.gov.br", "title": "Deputado Vanderlei Macris visita Am\u00e9rico Brasiliense", "html": "<p><img src=\"https://www.camaraamericobrasiliense.sp.gov.br/deputadomacrisemamerico01.jpg\" alt=\"Vereador Silas da Sadia recebendo o deputado Vanderlei Macris na c\u00e2mara.(Imagem: Den\u00edlson Lopes de Andrade)\" class=\"image-inline\" title=\"Vereador Silas da Sadia recebendo o deputado Vanderlei Macris na c\u00e2mara. (Imagem: Den\u00edlson Lopes de Andrade)\" /></p>\r\n<p>Vereador Silas da Sadia recebendo o deputado Vanderlei Macris na c\u00e2mara.<br />(Imagem: Den\u00edlson Lopes de Andrade)</p>\r\n<p>\u00a0</p>\r\n<p>No \u00faltimo dia 04 de agosto, o Deputado Federal Vanderlei Macris, visitou\u00a0o munic\u00edpio de Am\u00e9rico Brasiliense (SP), e observou algumas obras que\u00a0foram constru\u00eddas atrav\u00e9s de emendas destinadas pelo parlamentar.</p>\r\n<p>\u00a0</p>\r\n<p><img src=\"https://www.camaraamericobrasiliense.sp.gov.br/deputadomacrisemamerico02.jpg\" alt=\"Deputado Macris, ao lado do presidente Z\u00e9 Roberto e vereador Silas conversandocom funcion\u00e1rios da prefeitura. (Imagem: Den\u00edlson Lopes de Andrade)\" class=\"image-inline\" title=\"Deputado Macris, ao lado do presidente Z\u00e9 Roberto e vereador Silas conversando com funcion\u00e1rios da prefeitura. (Imagem: Den\u00edlson Lopes de Andrade)\" /></p>\r\n<p>Deputado Macris, ao lado do presidente Z\u00e9 Roberto e vereador Silas conversando\u00a0com funcion\u00e1rios da prefeitura. (Imagem: Den\u00edlson Lopes de Andrade)</p>\r\n<p>\u00a0</p>\r\n<p>Durante sua passagem pela cidade, Macris esteve na C\u00e2mara Municipal\u00a0cumprimentando funcion\u00e1rios e dialogando com vereadores. Na c\u00e2mara\u00a0recebeu novos pedidos de solicita\u00e7\u00f5es de verbas que foram encaminhadas\u00a0por integrantes do poder executivo e legislativo, na sequ\u00eancia, visitou um\u00a0reservat\u00f3rio de abastecimento de \u00e1gua no Bairro Santa Terezinha e um\u00a0terreno no Vila Cerqueira onde ser\u00e1 constru\u00eddo uma Unidade de Pronto\u00a0Atendimento de Sa\u00fade que beneficiar\u00e1 diversos moradores que residem\u00a0nas proximidades.</p>\r\n<p><img src=\"https://www.camaraamericobrasiliense.sp.gov.br/deputadomacrisemamerico03.jpg\" alt=\"Deputado Vanderlei Macris com o poder executivo e legislativo no reservat\u00f3rio de\u00e1gua no bairro Santa Terezinha. (Imagem: Den\u00edlson Lopes de Andrade)\" class=\"image-inline\" title=\"Deputado Vanderlei Macris com o poder executivo e legislativo no reservat\u00f3rio de \u00e1gua no bairro Santa Terezinha. (Imagem: Den\u00edlson Lopes de Andrade)\" /></p>\r\n<p>Deputado Vanderlei Macris com o poder executivo e legislativo no reservat\u00f3rio de\u00a0\u00e1gua no bairro Santa Terezinha. (Imagem: Den\u00edlson Lopes de Andrade)</p>\r\n<p>\u00a0</p>\r\n<p>Em outro local, no Bairro Jardim Vista Alegre, o deputado federal\u00a0observou o Pr\u00e9dio da Funda\u00e7\u00e3o para o Rem\u00e9dio Popular \u2013 FURP, e\u00a0tamb\u00e9m obras que foram desenvolvidas no Jardim Vista Alegre e no Bairro\u00a0Recanto dos P\u00e1ssaros, finalizando sua trajet\u00f3ria no Canil da AAPA -\u00a0Associa\u00e7\u00e3o Ameriliense de Prote\u00e7\u00e3o aos Animais.</p>\r\n<p><img src=\"https://www.camaraamericobrasiliense.sp.gov.br/deputadomacrisemamerico04.jpg\" alt=\"Deputado Macris com vereadores, prefeito e vice, no local onde ser\u00e1 constru\u00eddouma Unidade de Pronto Atendimento de Sa\u00fade. (Imagem: Den\u00edlson Lopes deAndrade)\" class=\"image-inline\" title=\"Deputado Macris com vereadores, prefeito e vice, no local onde ser\u00e1 constru\u00eddo uma Unidade de Pronto Atendimento de Sa\u00fade. (Imagem: Den\u00edlson Lopes de Andrade)\" /></p>\r\n<p>Deputado Macris com vereadores, prefeito e vice, no local onde ser\u00e1 constru\u00eddo\u00a0uma Unidade de Pronto Atendimento de Sa\u00fade. (Imagem: Den\u00edlson Lopes de\u00a0Andrade)</p>\r\n<p>\u00a0</p>\r\n<p>Estiveram com Vanderlei Macris, o prefeito municipal Dirceu Br\u00e1s Pano, o\u00a0vice-prefeito Luzimar Baianinho, os vereadores: Z\u00e9 Roberto (Presidente da\u00a0C\u00e2mara), Silas da Sadia, Leandro Mancha, Z\u00e9lia Protetora dos Animais,\u00a0al\u00e9m de diretores, assessores e integrantes do poder executivo, legislativo<br />e da equipe do deputado federal.</p>\r\n<p>\u00a0</p>\r\n<p><img src=\"https://www.camaraamericobrasiliense.sp.gov.br/deputadomacrisemamerico05.jpg\" alt=\"Macris e autoridades municipais estiveram no Vista Alegre e Recanto dosP\u00e1ssaros. (Imagem: Den\u00edlson Lopes de Andrade)\" class=\"image-inline\" title=\"Macris e autoridades municipais estiveram no Vista Alegre e Recanto dos P\u00e1ssaros. (Imagem: Den\u00edlson Lopes de Andrade)\" /></p>\r\n<p>Macris e autoridades municipais estiveram no Vista Alegre e Recanto dos\u00a0P\u00e1ssaros. (Imagem: Den\u00edlson Lopes de Andrade)</p>\r\n<p>\u00a0</p>\r\n<p><img src=\"https://www.camaraamericobrasiliense.sp.gov.br/deputadomacrisemamerico06.jpg\" alt=\"(Fonte: Assessoria de Comunica\u00e7\u00e3o da C\u00e2mara Municipal deAm\u00e9rico Brasiliense)\" class=\"image-inline\" title=\"(Fonte: Assessoria de Comunica\u00e7\u00e3o da C\u00e2mara Municipal de Am\u00e9rico Brasiliense)\" /></p>\r\n<p>O deputado visitou o Canil da AAPA. (Imagem: Den\u00edlson Lopes de Andrade)</p>\r\n<p>\u00a0</p>\r\n<p><strong>(Fonte: Assessoria de Comunica\u00e7\u00e3o da C\u00e2mara Municipal de\u00a0Am\u00e9rico Brasiliense)</strong></p>", "author_name": "administrador", "version": "1.0", "author_url": "https://www.camaraamericobrasiliense.sp.gov.br/author/administrador", "provider_name": "C\u00e2mara Municipal", "type": "rich"}