{"provider_url": "https://www.camaraamericobrasiliense.sp.gov.br", "title": "RESUMO DA SESS\u00c3O DO DIA 08/09", "html": "<p style=\"text-align: justify; \">A 78\u00aa Sess\u00e3o Ordin\u00e1ria ocorreu no \u00faltimo dia 08/09, \u00e0s 17h, conforme Ato Expedido pela Presid\u00eancia. Para essa sess\u00e3o, conforme o Ato n\u00b0 016/2020, foi autorizado a participa\u00e7\u00e3o de at\u00e9 45 pessoas na galeria do Plen\u00e1rio \"Doutor Elias Leme da Costa\".</p>\r\n<p style=\"text-align: justify; \">Para essa Sess\u00e3o, os Vereadores desta Casa de Leis, apresentaram 08 (oito) indica\u00e7\u00f5es, 18 (dezoito) requerimentos, 03 (tr\u00eas) requerimentos de pesar e 04 (quatro) mo\u00e7\u00f5es. Segue o abaixo o resumo das proposi\u00e7\u00f5es apresentadas:</p>\r\n<p align=\"center\"><span><span><b>INDICA\u00c7\u00d5ES</b></span></span></p>\r\n<p align=\"center\" style=\"text-align: justify; \"><span><b>Indica\u00e7\u00e3o N\u00famero 175/2020 \u2013 </b></span><span><b>LUZIMAR ALVES DOS SANTOS</b></span><span> </span><span>seja oficiado ao Exmo. Sr. Prefeito Municipal, solicitando de S/Exa., entrar em entendimento com o setor competente, no sentido de </span><span>construir um centralizado no Recinto de Eventos.</span></p>\r\n<p align=\"center\" style=\"text-align: justify; \"><span></span><span><b>Indica\u00e7\u00e3o N\u00famero 176/2020 \u2013 </b></span><span><b>Z\u00c9LIA DO CARMO GRACINDO </b></span><span><b>e outros</b></span><span> </span><span>seja oficiado ao Exmo. Sr. Prefeito Municipal, solicitando de S/Exa., entrar em entendimento com o setor competente, no sentido de mudar o ponto de \u00f4nibus (sentido Araraquara/Am\u00e9rico Brasiliense), localizado na Alameda Dr. Aldo Lupo, logo ap\u00f3s a Pra\u00e7a Rotat\u00f3ria \u201cCide Santin\u201d, visto que o \u00f4nibus \u00e9 obrigado a parar naquele ponto, oferecendo risco aos passageiros e demais condutores de ve\u00edculos, e ainda</span><span> a possibilidade de colocar placa indicando a exist\u00eancia da Pra\u00e7a Rotat\u00f3ria acima mencionada.</span></p>\r\n<p align=\"justify\" class=\"western\"><span><span><b>Indica\u00e7\u00e3o N\u00famero 177/2020 \u2013 </b></span></span><span><span><b> LEANDRO HENRIQUE MORALLES </b></span></span><span><span><span>seja oficiado ao Exmo. Sr. Prefeito Municipal, solicitando de S/Exa., entrar em entendimento com o setor competente, no sentido de colocar ilumina\u00e7\u00e3o e tapar o bueiro</span></span></span><span><span><span><span> na avenida Ant\u00f4nio Cavassani, esquina com a Alameda Benedito Nicolau de Marino.</span></span></span></span></p>\r\n<p align=\"justify\" class=\"western\"><span><span><b>Indica\u00e7\u00e3o N\u00famero 178/2020 \u2013 </b></span></span><span><span><b>LUZIMAR ALVES DOS SANTOS</b></span></span><span><span> </span></span><span><span>seja oficiado ao Exmo. Sr. Prefeito Municipal, solicitando de S/Exa., entrar em entendimento com o setor competente, no sentido de retirar as pragas que est\u00e3o nascendo na grama rec\u00e9m-colocada, do Complexo de Lazer e Sa\u00fade \u201cDona Ana Piedade Jesus Francisco\u201d, no bairro Jardim Primaveras, visto que conforme as sementes v\u00e3o se alastrando, fica mais dif\u00edcil fazer a retirada das pragas.</span></span></p>\r\n<p align=\"justify\" class=\"western\"><a name=\"_Hlk432092741\"></a> <span><span><b>Indica\u00e7\u00e3o N\u00famero 179/2020 \u2013 </b></span></span><span><span><b>LUZIMAR ALVES DOS SANTOS </b></span></span><span><span><span>seja oficiado ao Exmo. Sr. Prefeito Municipal, solicitando de S/Exa., entrar em entendimento com o setor competente, no sentido de realizar obra para aumentar a altura do muro do CER (Centro de Educa\u00e7\u00e3o e Recrea\u00e7\u00e3o) \u201cProfessora Maria R\u00fabia Louren\u00e7o G\u00f3es\u201d.</span></span></span></p>\r\n<p align=\"justify\" class=\"western\"><span><span><b>Indica\u00e7\u00e3o N\u00famero 180/2020 \u2013 </b></span></span><span><span><b>MARLY LUZIA HELD PAV\u00c3O </b></span></span><span><span> </span></span><span><span>seja oficiado ao Exmo. Sr. Prefeito Municipal, solicitando de S/Exa. entrar em entendimentos com o setor municipal competente, no sentido de ser constru\u00edda uma lombada defronte ao barrac\u00e3o do Storani, na Rua Toledo Piza, de modo a reduzir a velocidade dos ve\u00edculos nesse trecho.</span></span></p>\r\n<p align=\"justify\" class=\"western\"><a name=\"_Hlk42693874\"></a> <span><span><b>Indica\u00e7\u00e3o N\u00famero 181/2020 \u2013 </b></span></span><span><span><span><b>JOS\u00c9 ROBERTO DE ANDRADE </b></span></span></span><span><span><span><span>seja oficiado ao Exmo. Sr. Prefeito Municipal, solicitando de S/Exa., entrar em entendimento com o setor competente, no sentido de colocar ilumina\u00e7\u00e3o em toda a Pra\u00e7a \u201cEduardo Estevam\u201d, situada no bairro Residencial Alian\u00e7a, visto que no per\u00edodo noturno, a falta de ilumina\u00e7\u00e3o desta Pra\u00e7a favorece, demasiadamente, a possibilidade de furtos e oferece risco, tamb\u00e9m, aos moradores do entorno daquele local.</span></span></span></span></p>\r\n<p align=\"justify\" class=\"western\"><span><span><span><b>Indica\u00e7\u00e3o 182/2020 \u2013 LEANDRO HENRIQUE MORALLES</b></span></span></span><span><span><span><span> seja oficiado ao Exmo. Sr. Prefeito Municipal, solicitando de S/Exa., entrar em entendimento com o setor competente, no sentido de arborizar na conflu\u00eancia da Avenida Ant\u00f4nio Cavassani com a Alameda Benedito Nicolau de Marino, no bairro Jardim Santa Terezinha.</span></span></span></span></p>\r\n<p align=\"justify\" class=\"western\"><span><span><span><span><br /></span></span></span></span></p>\r\n<p align=\"center\" class=\"western\"><span><span><b>REQUERIMENTOS</b></span></span></p>\r\n<p align=\"center\" class=\"western\">\u00a0</p>\r\n<p align=\"justify\" class=\"western\"><span><span><span><b>Requerimento N\u00famero 198/2020 \u2013 </b></span></span></span><span><span><span><b>LUZIMAR ALVES DOS SANTOS e DIVALDO DE CAMARGO PEREIRA </b></span></span></span><span><span><span><span>seja oficiado \u00e0 </span></span></span></span><span><span><span><b>EMPRESA CRUZ</b></span></span></span><span><span><span><span>, solicitando da mesma, parar o \u00f4nibus da linha Araraquara/Am\u00e9rico Brasiliense, via Hospital Estadual, num local mais seguro no ponto da Avenida Homero Nigro com a Rua Sumar\u00e9, para que os usu\u00e1rios desta linha possam desembarcar com seguran\u00e7a.</span></span></span></span></p>\r\n<p align=\"justify\" class=\"western\"><span><span><span><b>Requerimento N\u00famero 199/2020 \u2013 JOAQUIM APARECIDO NUNES e </b></span></span></span><span><span><span><b>DIEGO RODRIGUEDS DE SOUZA </b></span></span></span><span><span><span><b> </b></span></span></span><span><span><span><span>seja oficiado ao Exmo. Sr.</span></span></span></span><span><span><span><b> DIRCEU BR\u00c1S PANO</b></span></span></span><span><span><span><span>, DD. Prefeito Municipal, solicitando de S/Exa., entrar em entendimento com o Departamento de \u00e1gua, Esgoto e Meio Ambiente - DAEMA, e informar a esta Casa de Leis o que segue: 1) </span></span></span></span><span><span>Rela\u00e7\u00e3o contendo quantidade e nomes dos </span></span><span><span>funcion\u00e1rios n\u00e3o somente deste Departamento que foram contaminados pelo Novo Coronav\u00edrus (COVID-19); 2) </span></span><span><span><span><span>Foram realizados testes em todos funcion\u00e1rios?</span></span></span></span></p>\r\n<p align=\"justify\" class=\"western\"><span><span><span><b>Requerimento N\u00famero 200/2020 \u2013 </b></span></span></span><span><span><span><b>DIEGO RODRIGUEDS DE SOUZA </b></span></span></span><span><span><span><span>seja oficiado </span></span></span></span><span><span><span><span>ao Exmo. Sr. </span></span></span></span><span><span><span><b>DIRCEU BR\u00c1S PANO</b></span></span></span><span><span><span><span>, DD. Prefeito Municipal, solicitando de S/Exa. o que segue acerca do sistema de videomonitoramento contratado pela Prefeitura Municipal e em funcionamento em determinadas vias p\u00fablicas da cidade: 1) </span></span></span></span><span><span>Enviar rela\u00e7\u00e3o de todos os pagamentos efetuados no \u00e2mbito do referido contrato; 2) Informar se TODAS as c\u00e2meras est\u00e3o em pleno funcionamento; 3) </span></span><span><span>Informar se o referido sistema possui integra\u00e7\u00e3o com os \u00f3rg\u00e3os de seguran\u00e7a p\u00fablica e; 4) </span></span><span><span><span><b>I</b></span></span></span><span><span><span><span>ndicar local f\u00edsico onde o referido sistema est\u00e1 </span></span></span></span><span><span><span><span><span>sendo operado</span></span></span></span></span><span><span><span><span> e respons\u00e1vel pelo mesmo a fim de que este Vereador possa deslocar-se ao local para verifica\u00e7\u00e3o, </span></span></span></span><span><span><span><i><span>in loco, </span></i></span></span></span><span><span><span><span><span>de seu funcionamento e armazenamento.</span></span></span></span></span></p>\r\n<p align=\"justify\" class=\"western\"><a name=\"_Hlk46818819\"></a> <span><span><b>Requerimento N\u00famero 201/2020 \u2013 M\u00c1RIO AUGUSTO DE CAMPOS </b></span></span><span><span><span><span>seja oficiado \u00e0</span></span></span></span><span><span><span><b> </b></span></span></span><span><span><span><b>EMPRESA CRUZ</b></span></span></span><span><span><span><span>, solicitando da mesma, a possibilidade de colocar nos pontos de \u00f4nibus de nosso Munic\u00edpio, os itiner\u00e1rios e/ou hor\u00e1rios da passagem dos ve\u00edculos.</span></span></span></span></p>\r\n<p align=\"justify\"><span><span><span><b>Requerimento N\u00famero </b></span></span><span><span><span><b>202</b></span></span></span><span><span><b>/2020 \u2013 M\u00c1RIO AUGUSTO DE CAMPOS </b></span></span><span><span><span><span>seja oficiado \u00e0</span></span></span></span><span><span><span><b> </b></span></span></span><span><span><span><b>EMPRESA PARATY</b></span></span></span><span><span><span><span>, solicitando da mesma, a possibilidade de colocar nos pontos de \u00f4nibus de nosso Munic\u00edpio, os itiner\u00e1rios e/ou hor\u00e1rios da passagem dos ve\u00edculos.</span></span></span></span></span></p>\r\n<p align=\"justify\"><span><span><span><b>Requerimento N\u00famero </b></span></span><span><span><span><b>203</b></span></span></span><span><span><b>/2020 \u2013 </b></span></span><span><span><span><b>DIEGO RODRIGUES DE SOUZA e LEANDRO HENRIQUE MORALLES</b></span></span></span><span><span><b> </b></span></span><span><span><span>seja oficiado ao Exmo. Sr. </span></span></span><span><span><b>DIRCEU BR\u00c1S PANO</b></span></span><span><span><span>, DD. Prefeito Municipal, solicitando de S/Exa. informar quais os atuais valores vigentes das taxas correspondentes \u00e0 participa\u00e7\u00e3o de vendedores ambulantes e demais empreendedores na Feira do Empreendedor, realizada aos domingos na Pra\u00e7a \u201cPedro de Toledo\u201d, detalhando quais as condi\u00e7\u00f5es de pagamento, bem como os respectivos valores cobrados por metro quadrado de utiliza\u00e7\u00e3o do espa\u00e7o.</span></span></span></span></p>\r\n<p align=\"justify\" class=\"western\"><a name=\"_Hlk46818596\"></a> <span><span><span><b>Requerimento N\u00famero 204/2020 \u2013 Z\u00c9LIA DO CARMO GRACINDO e </b></span></span></span><span><span><span><b>LUZIMAR ALVES DOS SANTOS</b></span></span></span><span><span><span><b> </b></span></span></span><span><span><span><span>seja oficiado ao Exmo. Sr.</span></span></span></span><span><span><span><b> THIAGO AURICCHIO</b></span></span></span><span><span><span><span>, DD. Deputado Estadual, solicitando de S/Exa., envidar esfor\u00e7os no sentido de contemplar o munic\u00edpio de Am\u00e9rico Brasiliense com a libera\u00e7\u00e3o de recursos financeiros por meio de emenda parlamentar, destinados \u00e0 constru\u00e7\u00e3o de um campo de futebol sint\u00e9tico (society), no bairro Jardim Santa Terezinha.</span></span></span></span></p>\r\n<p align=\"justify\" class=\"western\"><a name=\"_Hlk46818984\"></a><a name=\"_GoBack\"></a> <span><span><b>Requerimento N\u00famero 205/2020 \u2013 DIEGO RODRIGUES DE SOUZA e outros</b></span></span><span><span> </span></span><span><span><span>seja oficiado ao Exmo. Sr. </span></span></span><span><span><span><b>DIRCEU BR\u00c1S PANO</b></span></span></span><span><span><span>, DD. Prefeito Municipal, solicitando de S/Exa. encaminhar c\u00f3pia de todo o processo de contrata\u00e7\u00e3o (solicita\u00e7\u00e3o de or\u00e7amentos, or\u00e7amentos recebidos, requisi\u00e7\u00f5es, contrato, empenho, nota fiscal, etc) referente \u00e0 empresa executora dos recentes servi\u00e7os de higieniza\u00e7\u00e3o das Pra\u00e7as \u201cEr\u00eddio Stain\u201d e \u201cPaulo Abi Jaudi\u201d.</span></span></span></p>\r\n<p align=\"justify\" class=\"western\"><a name=\"_Hlk468185961\"></a> <span><span><b>Requerimento N\u00famero 206/2020 \u2013 </b></span></span><span><span><span><b>Z\u00c9LIA DO CARMO GRACINDO e </b></span></span></span><span><span><span><b>LUZIMAR ALVES DOS SANTOS</b></span></span></span><span><span><b> </b></span></span><span><span><span>seja oficiado ao Exmo. Sr.</span></span></span><span><span><b> DIRCEU BR\u00c1S PANO</b></span></span><span><span><span>, DD. Prefeito Municipal, solicitando de S/Exa., entrar em entendimento com o setor competente e informar a esta Casa de Leis o que segue, referente aos \u00faltimos tr\u00eas anos e meio: </span></span></span><span><span>1- Quais as obras realizadas pelo munic\u00edpio; 2- Qual o valor gasto com emendas parlamentares; 3- Quais os valores gastos com recursos pr\u00f3prios ou contrapartidas; 4- Quais os projetos de obras em andamento; </span></span><span><span><span>5- Quais os projetos indicados para Licita\u00e7\u00e3o.</span></span></span></p>\r\n<p align=\"justify\" class=\"western\"><span><span><span><b>Requerimento N\u00famero 207/2020 \u2013 </b></span></span></span><span><span><b>LEANDRO HENRIQUE MORALLES </b></span></span><span><span><span><span>seja oficiado ao Exmo. Sr.</span></span></span></span><span><span><span><b> DIRCEU BR\u00c1S PANO</b></span></span></span><span><span><span><span>, DD. Prefeito Municipal, solicitando de S/Exa., entrar em entendimento com </span></span></span></span><span><span><span><span>o setor competente no sentido de informar a esta Casa de Leis, qual o motivo de n\u00e3o haver distanciamento entre os funcion\u00e1rios da sala onde fica a telefonista e os fiscais de postura no pr\u00e9dio do pa\u00e7o municipal, visto o per\u00edodo de pandemia que estamos passando.</span></span></span></span></p>\r\n<p align=\"justify\" class=\"western\"><span><span><span><b>Requerimento N\u00famero 208/2020 \u2013 </b></span></span></span><span><span><span><b>LEANDRO HENRIQUE MORALLES</b></span></span></span><span><span><span> </span></span></span><span><span><span>seja oficiado ao Exmo. Sr. </span></span></span><span><span><span><b>DIRCEU BR\u00c1S PANO</b></span></span></span><span><span><span>, DD. Prefeito Municipal, solicitando de S/Exa., entrar em entendimento com o Departamento de \u00c1gua, Esgoto e Meio Ambiente - DAEMA, e informar a esta Casa de Leis, qual o motivo da contrata\u00e7\u00e3o de empresa de Servi\u00e7os Gerais.</span></span></span></p>\r\n<p align=\"justify\" class=\"western\"><span><span><span><b>Requerimento N\u00famero 209/2020 \u2013 </b></span></span></span><span><span><span><b>DIEGO RODRIGUES DE SOUZA</b></span></span></span><span><span><span> </span></span></span><span><span><span>seja oficiado ao Exmo. Sr. </span></span></span><span><span><span><b>DIRCEU BR\u00c1S PANO</b></span></span></span><span><span><span>, DD. Prefeito Municipal, solicitando de S/Exa. o que segue referente ao </span></span></span><span><span><span><b>Contrato n\u00ba 067/2020</b></span></span></span><span><span><span> (Dispensa n\u00ba 0041/2020 \u2013 Processo n\u00ba 0074/2020), cujo objeto \u00e9 contrata\u00e7\u00e3o de assessoria especializada em administra\u00e7\u00e3o de conv\u00eanios, firmado com W.R.P. Consultoria e Assessoria: 1) </span></span></span><span><span>Detalhar quais foram os servi\u00e7os efetivamente executados acerca de \u201cinser\u00e7\u00e3o junto \u00e0 Funasa no Programa SIGA: projeto da ETE compacta e aquisi\u00e7\u00e3o de caminh\u00e3o e implanta\u00e7\u00e3o da 2\u00aa prioridade junto ao Governo Estadual\u201d, conforme consta de Relat\u00f3rio emitido pelo respectivo prestador; 2) Encaminhar c\u00f3pias de toda a documenta\u00e7\u00e3o t\u00e9cnica (inclusive projetos) elaborada pelo referido prestador para tramita\u00e7\u00e3o junto aos \u00f3rg\u00e3os governamentais; 3) Informar se a empresa W.R.P. Consultoria e Assessoria possui os devidos acessos \u00e0s plataformas digitais para a tramita\u00e7\u00e3o de processos conforme consta de Relat\u00f3rio emitido pelo respectivo prestador. Em caso positivo, informar qual agente p\u00fablico emitiu os referidos acessos; 4) Informar se h\u00e1 algum expediente no \u00e2mbito do Tribunal de Contas do Estado de S\u00e3o Paulo acerca da referida contrata\u00e7\u00e3o. Em caso positivo, encaminhar c\u00f3pia; 5) Informar se h\u00e1 algum expediente no \u00e2mbito da Controladoria Interna da Prefeitura Municipal de Am\u00e9rico Brasiliense acerca da referida contrata\u00e7\u00e3o. Em caso positivo, encaminhar c\u00f3pia; 6) Informar se consta, em algum dos relat\u00f3rios peri\u00f3dicos emitidos pela Controladoria Interna da Prefeitura Municipal de Am\u00e9rico Brasiliense algum apontamento ou orienta\u00e7\u00e3o acerca da referida contrata\u00e7\u00e3o. Em caso positivo, encaminhar c\u00f3pia; 7) Informar se h\u00e1 algum expediente no \u00e2mbito do Departamento Municipal de Planejamento e Obras acerca da referida contrata\u00e7\u00e3o. Em caso positivo, encaminhar c\u00f3pia; 8) </span></span><span><span><span>Considerando que o objeto do contrato em quest\u00e3o refere-se \u00e0s atribui\u00e7\u00f5es inerentes ao Departamento Municipal de Planejamento e Obras, informar por qual raz\u00e3o tal contrata\u00e7\u00e3o foi solicitada pelo Diretor de Gabinete \u2013 conforme of\u00edcio do mesmo datado de 10 de fevereiro de 2020 \u2013 e informar por qual raz\u00e3o a Requisi\u00e7\u00e3o de Compras Materiais e Servi\u00e7os n\u00ba 0931 apresenta como requerente o Diretor de Comunica\u00e7\u00e3o, entretanto sem a assinatura do mesmo, onde deveria constar o Diretor do Departamento Municipal de Planejamento e Obras.</span></span></span></p>\r\n<p align=\"justify\" class=\"western\"><a name=\"_Hlk468188191\"></a> <span><span><b>Requerimento N\u00famero 210/2020 \u2013 MARLY LUZIA HELD PAV\u00c3O </b></span></span><span><span><span><span>seja oficiado ao Exmo. Sr. </span></span></span></span><span><span><span><b>DIRCEU BR\u00c1S PANO</b></span></span></span><span><span><span><span>, DD. Prefeito Municipal, solicitando de S/Exa. entrar em entendimentos com a Diretora de Sa\u00fade, </span></span></span></span><span><span><span><b>Eliana Aparecida Bernab\u00e9 Oliveira Marsili, </b></span></span></span><span><span><span><span> para que a mesma informa a esta Casa de Leis, por que ainda n\u00e3o houve a assinatura do termo de parceria com a APAE de Am\u00e9rico Brasiliense, para atendimento de pacientes portadores de Diagn\u00f3stico de Autismo.</span></span></span></span></p>\r\n<p align=\"justify\"><span><span><span><b>Requerimento N\u00famero </b></span></span><span><span><span><b>211</b></span></span></span><span><span><b>/2020 \u2013 </b></span></span><span><span><span><b>MARLY LUZIA HELD PAV\u00c3O</b></span></span></span><span><span><b> </b></span></span><span><span><span><span>seja oficiado ao Exmo. Sr. </span></span></span></span><span><span><span><b>DIRCEU BR\u00c1S PANO</b></span></span></span><span><span><span><span>, DD. Prefeito Municipal, solicitando de S/Exa. entrar em entendimentos com a Coordenadora da farm\u00e1cia do hospital \u201cDoutor Jos\u00e9 Nigro Neto\u201d, Sra. </span></span></span></span><span><span><span><b>EVA DOURADO</b></span></span></span><span><span><span><span>, visando sanar o mais breve poss\u00edvel a irregularidade no que concerne a falta de medicamentos aos pacientes que recebem diagn\u00f3sticos de qualquer doen\u00e7a aos finais de semana.</span></span></span></span></span><span>\u00a0</span></p>\r\n<p align=\"justify\"><span><span><span><b>Requerimento N\u00famero </b></span></span><span><span><span><b>212</b></span></span></span><span><span><b>/2020 \u2013 </b></span></span><span><span><span><b>MARLY LUZIA HELD PAV\u00c3O</b></span></span></span><span><span><b> </b></span></span><span><span><span><span>seja oficiado ao Exmo. Sr. </span></span></span></span><span><span><span><b>DIRCEU BR\u00c1S PANO</b></span></span></span><span><span><span><span>, DD. Prefeito Municipal, para que entre em entendimento com a Diretora de Sa\u00fade, a Ilma. Sra. </span></span></span></span><span><span><span><b>ELIANA APARECIDA BERNAB\u00c9 OLIVEIRA MARSILI</b></span></span></span><span><span><span><span>, solicitando da mesma informar a esta Casa de Leis, porque est\u00e1 havendo a demora no conserto </span></span></span></span><span><span><span><span>do </span></span></span></span><span><span><span><span>aparelho de Raio-X, e ainda porque n\u00e3o houve o empr\u00e9stimo de outro, se for o caso, principalmente nesse per\u00edodo de pandemia.</span></span></span></span></span></p>\r\n<p align=\"justify\" class=\"western\"><span><span><span><b>Requerimento N\u00famero 213/2020 \u2013 JO\u00c3O ANT\u00d4NIO DE MORAES NETO</b></span></span></span><span><span><span><b> </b></span></span></span><span><span><span><span>seja oficiado ao Exmo. Sr.</span></span></span></span><span><span><span><b> DIRCEU BR\u00c1S PANO</b></span></span></span><span><span><span><span>, DD. Prefeito Municipal, solicitando de S/Exa., entrar em entendimento com o setor competente no sentido de informar a esta Casa de Leis, a quantidade e o valor gasto com cada item comprado com o cr\u00e9dito adicional de enfrentamento da pandemia repassado pelo Deputado Federal Carlos Zarattini, e </span></span></span></span><span><span><span><span>ainda, o detalhamento dos gastos com a emenda parlamentar 81000174.</span></span></span></span></p>\r\n<p align=\"justify\" class=\"western\"><a name=\"_Hlk468189841\"></a> <span><span><b>Requerimento N\u00famero 214/2020 \u2013 LUZIMAR ALVES DOS SANTOS</b></span></span><span><span> </span></span><span><span><span>seja oficiado ao Exmo. Sr. </span></span></span><span><span><span><b>GENERAL PETERNELLI</b></span></span></span><span><span><span>, DD. Deputado Federal, solicitando de S/Exa., envidar esfor\u00e7os no sentido de contemplar o munic\u00edpio de Am\u00e9rico Brasiliense com libera\u00e7\u00e3o de recursos financeiros para a constru\u00e7\u00e3o de um ecoponto e para investimentos em obras de saneamento b\u00e1sico rural.</span></span></span></p>\r\n<p align=\"justify\" class=\"western\"><span><span><b>Requerimento N\u00famero 215/2020 \u2013 </b></span></span><span><span><span><b>JO\u00c3O ANT\u00d4NIO DE MORAES NETO</b></span></span></span><span><span><b> </b></span></span><span><span><span>seja oficiado ao Exmo. Sr. </span></span></span><span><span><b>DIRCEU BR\u00c1S PANO</b></span></span><span><span><span>, DD. Prefeito Municipal, solicitando de S/Exa., entrar em entendimento com o setor competente no sentido de informar a esta Casa de Leis, quando iniciar\u00e3o as obras para a constru\u00e7\u00e3o da pra\u00e7a do bairro Jardim Santa Terezinha.</span></span></span></p>\r\n<p align=\"justify\" class=\"western\"><a name=\"__DdeLink__3390_2358916564\"></a> <span><span><span><b>Requerimento N\u00famero 216/2020 \u2013 </b></span></span></span><span><span><b>DIEGO RODRIGUES DE SOUZA </b></span></span><span><span><span><span>seja consignado na ata dos trabalhos de hoje, voto de profundo pesar pelo falecimento da Senhora </span></span></span></span><span><span><span><b>MARIA DE LOURDES RODRIGUES FIRMINO</b></span></span></span><span><span><span><span>, ocorrido no \u00faltimo dia 02.</span></span></span></span></p>\r\n<p align=\"justify\" class=\"western\"><span><span><span><b>Requerimento N\u00famero 217/2020 \u2013 </b></span></span></span><span><span><span><b>LEANDRO HENRIQUE MORALLES</b></span></span></span><span><span><span> </span></span></span><span><span><span><span>seja consignado na ata dos trabalhos de hoje, voto de profundo pesar pelo falecimento da Senhora </span></span></span></span><span><span><span><b>PATRICIA BORGES</b></span></span></span><span><span><span><span>, ocorrido no \u00faltimo dia 31.</span></span></span></span></p>\r\n<p align=\"justify\" class=\"western\"><span><span><span><b>Requerimento N\u00famero 218/2020 \u2013 </b></span></span></span><span><span><span><b>DIEGO RODRIGUES DE SOUZA</b></span></span></span><span><span><span> </span></span></span><span><span><span><span>seja consignado na ata dos trabalhos de hoje, voto de profundo pesar pelo falecimento do Senhor </span></span></span></span><span><span><span><b>JO\u00c3O PAULO LAPENA</b></span></span></span><span><span><span><span>, ocorrido no \u00faltimo dia 04.</span></span></span></span></p>\r\n<p align=\"center\" class=\"western\"><span><span><b>MO\u00c7\u00d5ES</b></span></span></p>\r\n<p align=\"justify\"><span><span><span><b>M</b></span></span><span><span><span><b>o\u00e7\u00e3o N\u00famero</b></span></span></span><span><span><b> 0</b></span></span><span><span><span><b>54</b></span></span></span><span><span><b>/2020 \u2013 </b></span></span><span><span><span><b>JOS\u00c9 ROBERTO DE ANDRADE</b></span></span></span><span><span><b>:</b></span></span><span><span> </span></span><span><span><span>Mo\u00e7\u00e3o de Congratula\u00e7\u00f5es e Aplausos para com o Ilmo. Sr. CAPIT\u00c3O PM RICARDO DOMINGOS J\u00daNIOR, DD. Comandante da 3\u00aa Cia. do 13\u00b0 BPM/I.</span></span></span></span></p>\r\n<p align=\"justify\"><span><span><span><b>M</b></span></span><span><span><span><b>o\u00e7\u00e3o N\u00famero</b></span></span></span><span><span><b> 05</b></span></span><span><span><span><b>5</b></span></span></span><span><span><b>/2020 \u2013 </b></span></span><span><span><span><b>Z\u00c9LIA DO CARMO GRACINDO E LUZIMAR ALVES DOS SANTOS</b></span></span></span><span><span><b>:</b></span></span><span><span> </span></span><span><span><span>Mo\u00e7\u00e3o de Congratula\u00e7\u00f5es e Aplausos para o Sr. </span></span></span><span><span><span><b>JOEL OT\u00c1VIO MESQUITA DA SILVA</b></span></span></span><span><span><span>, Sr. </span></span></span><span><span><span><b>LUCAS DAMASCENO FERREIRA</b></span></span></span><span><span><span>, Sra. </span></span></span><span><span><span><b>MARIA LUIZA TREVISOLI TOZO</b></span></span></span><span><span><span>, Sra. </span></span></span><span><span><span><b>FL\u00c1VIA ANDRESSA BENEVENUTO</b></span></span></span><span><span><span>, Sr. </span></span></span><span><span><span><b>ISMAEL DE BRITO JERONIMO</b></span></span></span><span><span><span>, Sra. </span></span></span><span><span><span><b>CARLA PATRICIA DA ROCHA</b></span></span></span><span><span><span> e ao Sr. </span></span></span><span><span><span><b>JO\u00c3O BATISTA DOS SANTOS</b></span></span></span><span><span><span>.</span></span></span></span></p>\r\n<p align=\"justify\"><span><span><span><span><b>Mo\u00e7\u00e3o N\u00famero 056/2020 \u2013 M\u00c1RIO AUGUSTO DE CAMPOS:</b></span></span></span><span><span><span> Mo\u00e7\u00e3o de Congratula\u00e7\u00f5es e Aplausos para com o Exmo. Sr. </span></span></span><span><span><span><b>M\u00c1RCIO NAKASHIMA</b></span></span></span><span><span><span>, DD. Deputado Estadual, pela emenda parlamentar no valor de R$ 250.000,00 (duzentos e cinquenta mil reais) destinada \u00e0 infraestrutura de Am\u00e9rico Brasiliense, que ser\u00e1 usada para pavimentar parte do IV Distrito Industrial.</span></span></span></span></p>\r\n<p align=\"justify\"><span><span><span><span><b>Mo\u00e7\u00e3o 057/2020 \u2013 THIAGO VIEIRA LIMA:</b></span></span></span><span><span><span> Mo\u00e7\u00e3o de Congratula\u00e7\u00f5es e Aplausos para com o Exmo. Sr. </span></span></span><span><span><span><b>REINALDO ALGUZ</b></span></span></span><span><span><span>, DD. Deputado Estadual e o Exmo. Sr. </span></span></span><span><span><span><b>ENRICO MISASI</b></span></span></span><span><span><span>, DD. Deputado Federal.</span></span></span></span></p>\r\n<p align=\"justify\">\u00a0</p>\r\n<p align=\"justify\">Para a Ordem do Dia, constavam as seguintes mat\u00e9rias:</p>\r\n<ol>\r\n<li style=\"text-align: justify; \"><span><strong>Requerimento de Urg\u00eancia Especial n\u00b0 023/2020,</strong> que inclui na Ordem do dia o Projeto de Lei n\u00b0 038/2020 - <strong>APROVADO.</strong></span></li>\r\n<li style=\"text-align: justify; \"><strong>Projeto de Lei n\u00b0 038/2020,</strong> de autoria do Poder Executivo, que disp\u00f5e sobre a abertura de cr\u00e9dito adicional especial e d\u00e1 outras provid\u00eancias - <strong>APROVADO</strong></li>\r\n<li style=\"text-align: justify; \"><strong>Requerimento de Urg\u00eancia Especial n\u00b0 024/2020,</strong> que inclui na Ordem do Dia o Projeto de Lei n\u00b0 024/2020 - <strong>APROVADO</strong></li>\r\n<li style=\"text-align: justify; \"><strong>Projeto de Lei n\u00b0 039/2020,</strong> de autoria do Poder Executivo, que institui o Conselho Municipal do Trabalho, Emprego e Renda - COMTER e o Fundo Municipal do Trabalho, e d\u00e1 outras provid\u00eancias - <strong>APROVADO</strong></li>\r\n<li style=\"text-align: justify; \"><strong>Projeto de Lei Complementar n\u00b0 011/2020,</strong> de autoria do Poder Executivo, que altera dispositivos da Lei Complementar n\u00b0 186, de 29 de junho de 2017 - <strong>APROVADO</strong></li>\r\n<li style=\"text-align: justify; \"><strong>Projeto de Lei n\u00b0 033/2020</strong>, de autoria do Poder Executivo, que disp\u00f5e sobre a abertura de cr\u00e9dito adicional especial e d\u00e1 outras provid\u00eancias - <strong>PEDIDO DE ADIAMENTO POR UMA SESS\u00c3O</strong></li>\r\n<li style=\"text-align: justify; \"><strong>Projeto de Lei n\u00b0 035/2020,</strong> de autoria do Vereador Roberto Rodrigues Job, que d\u00e1 denomina\u00e7\u00e3o de \"Marques Carlos\" \u00e0 academia ao ar livre que especifica e d\u00e1 outras provid\u00eancias - <strong>APROVADO</strong></li>\r\n<li style=\"text-align: justify; \"><strong>Projeto de Lei n\u00b0 036/2020</strong>, de autoria do Vereador Luzimar Alves dos Santos, que concede \u00e0s pessoas com o transtorno de Espectro Autista o direito de utilizar as vagas reservadas para os deficientes no munic\u00edpio de Am\u00e9rico Brasiliense e d\u00e1 outras provid\u00eancias - <strong>APROVADO</strong></li>\r\n<li style=\"text-align: justify; \"><strong>Projeto de Lei n\u00b0 037/2020</strong>, de autoria do Vereador Luzimar Alves dos Santos, que disp\u00f5e sobre cria\u00e7\u00e3o de carteirinha de identifica\u00e7\u00e3o do autista (CIA) para a pessoa dignosticada com transtorno do espectro autista (TEA) - <strong>APROVADO</strong></li>\r\n</ol>\r\n<p>\u00a0</p>\r\n<ul>\r\n<li style=\"text-align: justify; \">Para assistir a sess\u00e3o na \u00edntegra, siga pelo link:\u00a0<a class=\"external-link\" href=\"https://www.youtube.com/watch?v=S4lfIJWD0z0\" target=\"_self\" title=\"Sess\u00e3o Ordin\u00e1ria 08/09\">https://www.youtube.com/watch?v=S4lfIJWD0z0\u00a0</a></li>\r\n<li style=\"text-align: justify; \">Acompanhe tamb\u00e9m nosso Canal do Youtube\u00a0<a class=\"external-link\" href=\"https://www.youtube.com/channel/UCXkHkbDa_IEDbrqOJT_CgKA\" target=\"_self\" title=\"C\u00e2mara Municipal de Am\u00e9rico Brasiliense\">https://www.youtube.com/channel/UCXkHkbDa_IEDbrqOJT_CgKA</a>,\u00a0</li>\r\n<li style=\"text-align: justify; \">A pr\u00f3xima Sess\u00e3o ser\u00e1 no dia 21/09.</li>\r\n<li style=\"text-align: justify; \">Para assistir as sess\u00f5es pessoalmente, basta agendar pelo telefone (16) 3392-1134, ou pelo celular/Whattsapp (16) 99609-5631, ou ainda pelo e-mail: secretaria@camaraamericobrasiliense.sp.gov.br. Ao entrar em contato, basta informar o nome completo, o n\u00famero de um documento de identifica\u00e7\u00e3o e telefone para contato.</li>\r\n<li style=\"text-align: justify; \">Lembrando que conforme o Ato n\u00b0 016/2020, ser\u00e1 permitido at\u00e9 45 (quarenta e cinco) pessoas na galeria do Plen\u00e1rio, respeitando assim as medidas de seguran\u00e7a.</li>\r\n</ul>", "author_name": "", "version": "1.0", "author_url": "https://www.camaraamericobrasiliense.sp.gov.br/author/thaiza", "provider_name": "C\u00e2mara Municipal", "type": "rich"}