{"provider_url": "https://www.camaraamericobrasiliense.sp.gov.br", "title": "RESUMO DA SESS\u00c3O DO DIA 06/12", "html": "<p align=\"center\"><span><span><b>INDICA\u00c7\u00d5ES</b></span></span></p>\r\n<p align=\"justify\" class=\"western\">\u00a0</p>\r\n<p align=\"justify\" class=\"western\"><span><span><b>Indica\u00e7\u00e3o N\u00famero </b></span></span><span><span><b>267</b></span></span><span><span><b>/2021 \u2013 </b></span></span><span><span><span><b>ALCIDES LUIS DE CARVALHO (Cid\u00e3o Mineiro)</b></span></span></span><span><span> s</span></span><span><span><span><span>eja oficiado ao Excelent\u00edssimo Senhor Prefeito Municipal, solicitando de Sua Excel\u00eancia, entrar em entendimento com o setor competente e</span></span></span></span><span><span><b> verificar a possibilidade de conceder o 13\u00b0 vale alimenta\u00e7\u00e3o aos servidores e estagi\u00e1rios municipais. </b></span></span></p>\r\n<p align=\"justify\" class=\"western\"><span><span><b>Indica\u00e7\u00e3o N\u00famero </b></span></span><span><span><b>268</b></span></span><span><span><b>/2021 \u2013 </b></span></span><span><span><span><b>ALCIDES LUIS DE CARVALHO (Cid\u00e3o Mineiro)</b></span></span></span><span><span><b> </b></span></span><span><span><span>seja oficiado ao Excelent\u00edssimo Senhor Prefeito Municipal, solicitando de Sua Excel\u00eancia, </span></span></span><span><span><span>entrar em entendimento com o setor competente, no sentido de</span></span></span><span><span><b> </b></span></span><span><span><b>construir redutor de velocidade (lombada) nas seguintes vias: </b></span></span><span><b>Rua Bahia, na altura do im\u00f3vel n\u00famero 131, no bairro Sinh\u00e1 Prado Guimar\u00e3es; e </b></span><span><span><b>Rua Juv\u00eancio Balbino da Costa, na altura do im\u00f3vel n\u00b0 250, no bairro Jardim Santa Terezinha.</b></span></span></p>\r\n<p align=\"justify\" class=\"western\"><span><span><b>Indica\u00e7\u00e3o N\u00famero </b></span></span><span><span><b>269</b></span></span><span><span><b>/2021 \u2013 </b></span></span><span><span><span><b>ALDEVAM LIMA ARA\u00daJO (Van do G\u00e1s)</b></span></span></span><span><span><b> </b></span></span><span><span><span>seja oficiado ao Excelent\u00edssimo Senhor Prefeito Municipal, solicitando de Sua Excel\u00eancia, </span></span></span><span><span><span>entrar em entendimento com o setor competente, no sentido de </span></span></span><span><span><b>realizar limpeza e cal\u00e7amento no final da Avenida Jo\u00e3o Joaquim, no bairro Jardim Santa Terezinha, </b></span></span><span><span><span>mais precisamente defronte da nova pra\u00e7a que est\u00e1 sendo constru\u00edda.</span></span></span></p>\r\n<p align=\"justify\" class=\"western\"><span><span><b>Indica\u00e7\u00e3o N\u00famero </b></span></span><span><span><b>270</b></span></span><span><span><b>/2021 - </b></span></span><span><span><span><b>JOS\u00c9 M\u00c1RIO SILVA DOS ANJOS (Bahia do Corte)</b></span></span></span><span><span> </span></span><span><span> </span></span><span><span><span><span>seja oficiado ao Excelent\u00edssimo Senhor Prefeito Municipal, solicitando de Sua Excel\u00eancia, </span></span></span></span><span><span><span><span>entrar em entendimento com o setor competente, no sentido de</span></span></span></span><span><span><span><b> realizar limpeza e manuten\u00e7\u00e3o geral na Rua Manoel Jos\u00e9 Pires, na proximidade com a linha de trem, sentindo bairro Jardim Iraj\u00e1.</b></span></span></span></p>\r\n<p align=\"justify\" class=\"western\"><span><span><span><b>Indica\u00e7\u00e3o N\u00famero </b></span></span></span><span><span><span><b>271</b></span></span></span><span><span><span><b>/2021 - </b></span></span></span><span><span><span><b>JOS\u00c9 M\u00c1RIO SILVA DOS ANJOS (Bahia do Corte)</b></span></span></span><span><span><span><b> </b></span></span></span><span><span><span><b> </b></span></span></span><span><span><span><span>seja oficiado ao Excelent\u00edssimo Senhor Prefeito Municipal, solicitando de Sua Excel\u00eancia, </span></span></span></span><span><span><span><span>entrar em entendimento com o setor competente, no sentido de </span></span></span></span><span><span><span><b>verificar a viabilidade de instala\u00e7\u00e3o de placas de proibido estacionar na Rua Jos\u00e9 Nigro</b></span></span></span><span><span><span><span>, no bairro Jardim S\u00e3o Jos\u00e9.</span></span></span></span></p>\r\n<p align=\"justify\" class=\"western\"><span><span><span><b>Indica\u00e7\u00e3o N\u00famero </b></span></span></span><span><span><span><b>272</b></span></span></span><span><span><span><b>/2021 - </b></span></span></span><span><span><span><b>JOS\u00c9 M\u00c1RIO SILVA DOS ANJOS (Bahia do Corte)</b></span></span></span><span><span><span><b> </b></span></span></span><span><span><span><b> </b></span></span></span><span><span><span><span>seja oficiado ao Excelent\u00edssimo Senhor Prefeito Municipal, solicitando de Sua Excel\u00eancia, </span></span></span></span><span><span><span><span>entrar em entendimento com o setor competente, no sentido de </span></span></span></span><span><span><span><b>reformar a cobertura dos pontos de \u00f4nibus existente na Alameda Aldo Lupo, nas proximidades do antigo pr\u00e9dio da Sadia, e no ponto de \u00f4nibus existente na Pra\u00e7a do Cruzeiro,</b></span></span></span><span><span><span><span> com o objetivo de prote\u00e7\u00e3o das pessoas que utilizam contra as intemp\u00e9ries.</span></span></span></span></p>\r\n<p align=\"justify\" class=\"western\">\u00a0</p>\r\n<p align=\"center\" class=\"western\"><span><span><b>REQUERIMENTOS</b></span></span></p>\r\n<p align=\"justify\" class=\"western\">\u00a0</p>\r\n<p align=\"justify\"><span><span><span><b>Requerimento N\u00famero 127/2021 </b></span></span><span><span><b>\u2013 </b></span></span><span><span><span><b>JOS\u00c9 M\u00c1RIO SILVA DOS ANJOS (Bahia do Corte)</b></span></span></span><span><span><b> </b></span></span><span><span><span><span>seja oficiado ao Excelent\u00edssimo Senhor </span></span></span></span><span><span><span><b>DIRCEU BR\u00c1S PANO</b></span></span></span><span><span><span><span>, Dign\u00edssimo Prefeito Municipal, solicitando de Sua Excel\u00eancia, entrar em entendimento com o setor competente, a fim de informar a esta Casa de Leis, </span></span></span></span><span><span><span><b>o andamento dos pedidos das Indica\u00e7\u00f5es N\u00famero 042 e 043/2021.</b></span></span></span></span></p>\r\n<p align=\"justify\">\u00a0</p>\r\n<p align=\"justify\"><span><span><span><span><b>Requerimento N\u00famero 128/2021 </b></span></span></span><span><span><span><b>\u2013 </b></span></span></span><span><span><span><b>MARLY LUZIA HELD PAV\u00c3O (Marly Pav\u00e3o)</b></span></span></span><span><span><span><b> </b></span></span></span><span><span><span><span>seja oficiado ao Tribunal Regional Eleitoral do Estado de S\u00e3o Paulo \u2013 TRE-SP,</span></span></span></span><span><span><span><b> para que o Cart\u00f3rio Eleitoral de Am\u00e9rico Brasilense, no qual abrange a 239\u00aa Zona Eleitoral, de forma que se retome os atendimentos presenciais, </b></span></span></span><span><span><span><span>em face a proximidade das elei\u00e7\u00f5es presidenciais do ano de 2022.</span></span></span></span></span></p>\r\n<p align=\"justify\">\u00a0</p>\r\n<p align=\"justify\">\u00a0</p>\r\n<p align=\"center\"><span><span><span><b>MO\u00c7\u00d5ES</b></span></span></span></p>\r\n<p align=\"center\">\u00a0</p>\r\n<p align=\"justify\"><span><span><span><span><b>Mo\u00e7\u00e3o N\u00famero 096/2021 \u2013 </b></span></span></span><span><span><span><span><b>JOS\u00c9 ROBERTO DE ANDRADE (Z\u00e9 Roberto)</b></span></span></span></span><span><span><span><b> \u2013</b></span></span></span><span><span><span><b> </b></span></span></span><span><span><span><span>retirado a pedido do autor.</span></span></span></span></span></p>\r\n<p align=\"justify\">\u00a0</p>\r\n<p align=\"justify\"><span><span><span><span><b>Mo\u00e7\u00e3o N\u00famero 097/2021 \u2013</b></span></span></span><span><span><b> </b></span></span><span><span><b>LEANDRO HENRIQUE MORALLES (Mancha)</b></span></span><span><span><b> </b></span></span><span><span><span>que seja registrada na ata dos trabalhos de hoje, </span></span></span><span><span><b>MO\u00c7\u00c3O DE CONGRATULA\u00c7\u00d5ES ao Coordenador da Defesa Civil de Am\u00e9rico Brasiliense, pela sua atua\u00e7\u00e3o no combate ao inc\u00eandio ocorrido no dia 25/11.</b></span></span></span></p>\r\n<p align=\"justify\">\u00a0</p>\r\n<p align=\"justify\"><span><span><span><span><b>Mo\u00e7\u00e3o N\u00famero 098/2021 \u2013</b></span></span></span><span><span><b> LEANDRO HENRIQUE MORALLES (Mancha)</b></span></span><span><span><b> </b></span></span><span><span><span>que seja registrada na ata dos trabalhos de hoje,</span></span></span><span><span><b> MO\u00c7\u00c3O DE CONGRATULA\u00c7\u00d5ES e APLAUSOS ao </b></span></span><span><span><span><span><b>ameriliense LUIS FELIPE JOIOSO, e aos seus colaboradores, LEONARDO CUNHA DE ARA\u00daJO, PAULO LEONARDO SARTI, RENAN AUGUSTO DOS SANTOS e ROBSON SOUZA, pela idealiza\u00e7\u00e3o e reliza\u00e7\u00e3o da Live Solid\u00e1ria que ocorreu ao longo do ano de 2021, ajudando cerca de 30 mil fam\u00edlias da regi\u00e3o de Am\u00e9rico Brasiliense.</b></span></span></span></span></span></p>\r\n<p align=\"justify\">\u00a0</p>\r\n<p align=\"justify\"><span><span><span><span><b>Mo\u00e7\u00e3o N\u00famero 099/2021 \u2013 </b></span></span></span><span><span><span><b>ALDEVAM LIMA ARA\u00daJO (Van do G\u00e1s)</b></span></span></span><span><span><span><span><b> </b></span></span></span></span><span><span><span><span><span>seja consignado na ata dos trabalhos de hoje, voto de profundo pesar pelo falecimento da Senhora</span></span></span></span></span><span><span><span><span><b> MARIA DOS SANTOS, </b></span></span></span></span><span><span><span><span><span>ocorrido no \u00faltimo dia 18.</span></span></span></span></span></span></p>\r\n<p align=\"justify\">\u00a0</p>\r\n<p align=\"justify\"><span><span><span><span><b>Mo\u00e7\u00e3o N\u00famero 100/2021 \u2013</b></span></span></span><span><span><b> </b></span></span><span><span><span><span><b>DIEGO RODRIGUES DE SOUZA (Diego Viveiros) </b></span></span></span></span><span><span><span><span><span>seja consignado na ata dos trabalhos de hoje, voto de profundo pesar pelo falecimento do Senhor</span></span></span></span></span><span><span><span><span><b> HUGO FRANCO ROMANIA, </b></span></span></span></span><span><span><span><span><span>ocorrido no dia 14/11.</span></span></span></span></span></span></p>\r\n<p align=\"justify\">\u00a0</p>\r\n<p align=\"justify\"><span><span><span><span><span><b>Mo\u00e7\u00e3o N\u00famero 101/2021 \u2013</b></span></span></span></span><span><span><span><span><b> </b></span></span></span></span><span><span><span><span><b>DIEGO RODRIGUES DE SOUZA (Diego Viveiros) </b></span></span></span></span><span><span><span><span><span>seja consignado na ata dos trabalhos de hoje, voto de profundo pesar pelo falecimento do Senhor </span></span></span></span></span><span><span><span><span><b>SINVALDO PORF\u00cdRIO DE OLIVEIRA </b></span></span></span></span><span><span><span><span><span>ocorrido no dia 25/11. </span></span></span></span></span></span></p>\r\n<p align=\"justify\">\u00a0</p>\r\n<p align=\"justify\"><span><span><span><span><span><b>Mo\u00e7\u00e3o N\u00famero 102/2021 \u2013</b></span></span></span></span><span><span><span><span><b> </b></span></span></span></span><span><span><span><span><b>DIEGO RODRIGUES DE SOUZA (Diego Viveiros) </b></span></span></span></span><span><span><span><span><span>seja consignado na ata dos trabalhos de hoje, voto de profundo pesar pelo falecimento do Senhor</span></span></span></span></span><span><span><span><span><b> JOS\u00c9 CARLESCI FILHO </b></span></span></span></span><span><span><span><span><span>ocorrido no dia 24/11. </span></span></span></span></span></span></p>\r\n<p align=\"justify\">\u00a0</p>\r\n<p align=\"justify\"><span><span><span><span><span><b>Mo\u00e7\u00e3o N\u00famero 103/2021 \u2013</b></span></span></span></span><span><span><span><span><b> </b></span></span></span></span><span><span><span><span><b>ALCIDES LUIS DE CARVALHO (Cid\u00e3o Mineiro) </b></span></span></span></span><span><span><span><span><span>s</span></span></span></span></span><span><span><span><span><span>seja consignado na ata dos trabalhos de hoje, voto de profundo pesar pelo falecimento da Senhora</span></span></span></span></span><span><span><span><span><b> AURELINA SANTOS RIOS </b></span></span></span></span><span><span><span><span><span>ocorrido no dia 21/11.</span></span></span></span></span></span></p>\r\n<p align=\"justify\">\u00a0</p>\r\n<p align=\"justify\"><span><span><span><span><span><b>Mo\u00e7\u00e3o N\u00famero 104/2021 \u2013</b></span></span></span></span><span><span><span><span><b> </b></span></span></span></span><span><span><span><span><b>ALCIDES LUIS DE CARVALHO (Cid\u00e3o Mineiro) </b></span></span></span></span><span><span><span><span><span>s</span></span></span></span></span><span><span><span><span><span>eja consignado na ata dos trabalhos de hoje, voto de profundo pesar pelo falecimento do Senhor</span></span></span></span></span><span><span><span><span><b> HOR\u00c1CIO RIBEIRO DA SILVA </b></span></span></span></span><span><span><span><span><span>ocorrido no dia 01/12.</span></span></span></span></span></span></p>\r\n<p align=\"justify\">\u00a0</p>\r\n<p align=\"justify\" class=\"western\">\u00a0</p>\r\n<p align=\"center\"><span><span><span><b>ORDEM DO DIA</b></span></span></span></p>\r\n<ul>\r\n<li>\r\n<p align=\"justify\" class=\"western\"><span><b>ITEM PRIMEIRO:</b></span><span> Requerimento de Urg\u00eancia Especial n\u00b0 023/2021, de autoria dos Vereadores Marly Pav\u00e3o, Roberto da Anchieta, Silas da Sadia, Z\u00e9 Roberto e Z\u00e9lia Protetora dos Animais, que inclui na Ordem do Dia o PL n\u00b0 061/2021</span></p>\r\n</li>\r\n<li>\r\n<p align=\"justify\" class=\"western\"><span><b>ITEM SEGUNDO:</b></span><span> Projeto de Lei n\u00ba 061/2021, de autoria da Prefeitura Municipal de Am\u00e9rico Brasiliense, que disp\u00f5e sobre a abertura de cr\u00e9dito adicional especial e d\u00e1 outras provid\u00eancias </span></p>\r\n</li>\r\n<li>\r\n<p align=\"justify\" class=\"western\"><a name=\"_Hlk86830961\"></a> <span><span><b>ITEM TERCEIRO: </b></span></span><span><span><span>Requerimento de Urg\u00eancia Especial n\u00b0 024/2021, de autoria dos Vereadores Dega da Padaria, Roberto da Anchieta, Silas da Sadia, Z\u00e9 Roberto e Z\u00e9lia Protetora dos Animais, que inclui na Ordem do Dia o PL n\u00b0 064/2021</span></span></span></p>\r\n</li>\r\n<li>\r\n<p align=\"justify\" class=\"western\"><span><b>ITEM QUARTO:</b></span><span> Projeto de Lei n\u00ba 064/2021, de autoria da Prefeitura Municipal de Am\u00e9rico Brasiliense, que </span><span><span><span><span><span><span><span>Disp\u00f5e sobre altera\u00e7\u00f5es na Lei n\u00ba 1722, de 20 de dezembro de 2010 e d\u00e1 outras provid\u00eancias.</span></span></span></span></span></span></span></p>\r\n</li>\r\n<li>\r\n<p align=\"justify\" class=\"western\"><span><b>ITEM QUINTO:</b></span><span> Requerimento de Urg\u00eancia Especial n\u00b0 025/2021, de autoria dos Vereadores Roberto da Anchieta, Silas da Sadia, Van do G\u00e1s, Z\u00e9 Roberto e Z\u00e9lia Protetora dos Animais, que inclui na Ordem do Dia o PL n\u00b0 061/2021 \u2013 Projeto de Emenda Organizacional n\u00b0 002/2021 </span></p>\r\n</li>\r\n<li>\r\n<p align=\"justify\" class=\"western\"><span><b>ITEM SEXTO:</b></span><span> Projeto de Emenda Organizacional n\u00b0 002/2021, de autoria </span><span><span><span><span>dos Vereadores Cid\u00e3o Mineiro, Dega da Padaria, Diego Viveiros, Maicon Rions, Marly Pav\u00e3o, Roberto da Anchieta, Silas da Sadia, Trajano Filho, Van do G\u00e1s, Z\u00e9 Roberto e Z\u00e9lia Protetora dos Animais, que altera o artigo 144 da Lei Org\u00e2nica e d\u00e1 outras provid\u00eancias </span></span></span></span></p>\r\n</li>\r\n<li>\r\n<p align=\"justify\" class=\"western\"><a name=\"_Hlk868309611\"></a> <span><span><b>ITEM S\u00c9TIMO: Proposi\u00e7\u00e3o com Veto Total n\u00b0 002/2021, </b></span></span><span><span><span>de autoria da Prefeitura Municipal de Am\u00e9rico Brasiliense, que d\u00e1 Veto Total ao Projeto de Lei n\u00b0 048/2021</span></span></span></p>\r\n</li>\r\n<li>\r\n<p align=\"justify\" class=\"western\"><span><b>ITEM OITAVO:</b></span><span> Projeto de Lei n\u00ba 051/2021, de autoria da Prefeitura Municipal de Am\u00e9rico Brasiliense, que</span><span><span><span><span><span><span><span> estimaa Receita e fixa a Despesa do Munic\u00edpio de Am\u00e9rico Brasiliense para o exerc\u00edcio financeiro de 2022 e d\u00e1 outras provid\u00eancias</span></span></span></span></span></span></span></p>\r\n</li>\r\n</ul>\r\n<p align=\"justify\">\u00a0</p>\r\n<p align=\"justify\">\u00a0</p>\r\n<ul>\r\n<li>\r\n<p align=\"justify\" class=\"western\"><span><span>Para assistir a Sess\u00e3o na \u00edntegra, siga pelo link https://youtu.be/K3wq9SJt3TQ</span></span></p>\r\n</li>\r\n</ul>\r\n<p align=\"justify\" class=\"western\">\u00a0</p>\r\n<ul>\r\n<li>\r\n<p align=\"justify\" class=\"western\"><span><span>Acompanhe tamb\u00e9m nosso Canal do Youtube - </span></span></p>\r\n</li>\r\n</ul>\r\n<p align=\"justify\" class=\"western\"><span><span style=\"text-decoration: underline; \"><span><span>https://www.youtube.com/channel/UCXkHkbDa_IEDbrqOJT_CgKA</span></span></span></span></p>", "author_name": "administrador", "version": "1.0", "author_url": "https://www.camaraamericobrasiliense.sp.gov.br/author/administrador", "provider_name": "C\u00e2mara Municipal", "type": "rich"}