{"provider_url": "https://www.camaraamericobrasiliense.sp.gov.br", "title": "RESUMO SESS\u00c3O DO DIA 01/03", "html": "<p align=\"JUSTIFY\" class=\"western\" style=\"text-align: center; \"><strong>Resumo das proposi\u00e7\u00f5es apresentadas:</strong></p>\r\n<p align=\"JUSTIFY\" class=\"western\">\u00a0</p>\r\n<p>\u00a0</p>\r\n<p align=\"CENTER\"><span><span><b>INDICA\u00c7\u00d5ES</b></span></span></p>\r\n<p align=\"JUSTIFY\" class=\"western\"><a name=\"_Hlk52271530\"></a><a name=\"_Hlk43209274\"></a> <span><span><b>Indica\u00e7\u00e3o N\u00famero </b></span></span><span><span><span><span><b>040</b></span></span></span></span><span><span><b>/2021 </b></span></span><span><span>-</span></span><span><span><b> </b></span></span><span><span><b>ALCIDES LUIS DE CARVALHO</b></span></span><span><span><b> </b></span></span><span><span><span><span>seja seja oficiado ao Exmo. Sr. Prefeito Municipal, solicitando de S/ Exa. entrar em entendimento com o D</span></span></span></span><span><span><span><span>epartamento de Esportes, e verificar a possibilidade de </span></span></span></span><span><span><span><b>anular o decreto de cobran\u00e7a de taxas na \u00e1rea do esporte como ocorre em campos e quadras do Munic\u00edpio, </b></span></span></span><span><span><span><span>visto que os cidad\u00e3os amerilienses n\u00e3o disp\u00f5em de eventos culturais e de lazer, e o pouco ofertado deveria ser gratuito.</span></span></span></span></p>\r\n<p align=\"JUSTIFY\" class=\"western\"><span><span><b>Indica\u00e7\u00e3o N\u00famero 04</b></span></span><span><span><span><span><b>1</b></span></span></span></span><span><span><b>/2021 </b></span></span><span><span>-</span></span><span><span><b> </b></span></span><span><span><b>ALCIDES LUIS DE CARVALHO</b></span></span><span><span><b> </b></span></span><span><span><span><span>seja oficiado ao Exmo. Sr. Prefeito Municipal, solicitando de S/ Exa. entrar em entendimento com o setor competente, no sentido de </span></span></span></span><span><span><span><b>construir redutores de velocidade na Rua Alfonso Nigro \u2013 bairro Jardim S\u00e3o Jos\u00e9, Rua das Grevilhas \u2013 Jardim Primaveras e Rua Toledo Pizza \u2013 Jardim Ponte Alta, e </b></span></span></span><span><span><span><span><b>Alameda Doutor Alberto Jos\u00e9 Eloy Macedo Rollo, </b></span></span></span></span><span><span><span><span>mais precisamente em frente aos n\u00ba 370, 470, 025 E 440 respectivamente.</span></span></span></span></p>\r\n<p align=\"JUSTIFY\" class=\"western\"><span><span><span><b>Indica\u00e7\u00e3o N\u00famero </b></span></span></span><span><span><span><span><b>042</b></span></span></span></span><span><span><span><b>/2021 \u2013 </b></span></span></span><span><span><span><span><b>JOS\u00c9 M\u00c1RIO SILVA DOS ANJOS</b></span></span></span></span><span><span><span><b> </b></span></span></span><span><span><span><span> seja oficiado ao Exmo. Sr. Prefeito Municipal, solicitando de S/ Exa. entrar em entendimento com o setor competente, no sentido de </span></span></span></span><span><span><span><b>realizar a reforma da quadra situada no bairro Jardim Vista Alegre,</b></span></span></span><span><span><span><span> o mais breve poss\u00edvel.</span></span></span></span></p>\r\n<p align=\"JUSTIFY\" class=\"western\"><span><span><b>Indica\u00e7\u00e3o N\u00famero </b></span></span><span><span><span><span><b>043</b></span></span></span></span><span><span><b>/2021 \u2013 </b></span></span><span><span><span><span><b>JOS\u00c9 M\u00c1RIO SILVA DOS ANJOS</b></span></span></span></span><span><span><b> </b></span></span><span><span> </span></span><span><span><span>seja oficiado ao Exmo. Sr. Prefeito Municipal, solicitando de S/ Exa. entrar em entendimento com o setor competente, no sentido de </span></span></span><span><span><span><b>realizar a reforma da quadra do bairro Jardim Primaveras</b></span></span></span><span><span><span>.</span></span></span></p>\r\n<p align=\"JUSTIFY\" class=\"western\"><span><span><span><b>Indica\u00e7\u00e3o N\u00famero </b></span></span></span><span><span><span><span><b>044</b></span></span></span></span><span><span><span><b>/2021 \u2013 </b></span></span></span><span><span><span><span><b>JOS\u00c9 ROBERTO DE ANDRADE</b></span></span></span></span><span><span><span><b> </b></span></span></span><span><span><span> seja oficiado ao Exmo. Sr. Prefeito Municipal, solicitando de S/ Exa. entrar em entendimento com o setor competente, no sentido de </span></span></span><span><span><span><b>aumentar a quantidade de cestas b\u00e1sicas a serem distribu\u00eddas pelo Departamento do Fundo Social</b></span></span></span><span><span><span>, pois estamos passando pelo pior momento da pandemia da covid-19. </span></span></span></p>\r\n<p align=\"JUSTIFY\" class=\"western\"><span><span><b>Indica\u00e7\u00e3o N\u00famero </b></span></span><span><span><span><span><b>045</b></span></span></span></span><span><span><b>/2021 \u2013 </b></span></span><span><span><span><span><b>LEANDRO HENRIQUE MORALLES</b></span></span></span></span><span><span><b> </b></span></span><span><span><span><span>seja oficiado ao Exmo. Sr. Prefeito Municipal, solicitando de S/ Exa. entrar em entendimento com seja oficiado ao Exmo. Sr. Prefeito Municipal, solicitando de S/ Exa. entrar em entendimento com o setor competente, no sentido de estudar a possibilidade </span></span></span></span><span><span><span><b>de incluir como prioridade no calend\u00e1rio de vacina\u00e7\u00e3o contra a COVID-19, os professores das Redes Municipais e Estaduais de Ensino,</b></span></span></span><span><span><span><span> de Am\u00e9rico Brasiliense, para que quando houver o retorno das aulas presenciais, estes profissionais possam estar mais seguros.</span></span></span></span></p>\r\n<p align=\"JUSTIFY\" class=\"western\"><a name=\"docs-internal-guid-226d1a3a-7fff-f2df-6f\"></a> <span><span><b>Indica\u00e7\u00e3o N\u00famero 0</b></span></span><span><span><span><span><b>46</b></span></span></span></span><span><span><b>/2021 \u2013</b></span></span><span><span> </span></span><span><span><span><span><b>MARLY LUZIA HELD PAV\u00c3O </b></span></span></span></span><span><span><span><span><span>seja </span></span></span></span></span><span><span><span><span><span>oficiado ao Exmo. Sr. Prefeito Municipal, solicitando de S/Exa. </span></span></span></span></span><span><span><span><span><span>entrar em entendimento com a Diretora de Sa\u00fade de nosso Munic\u00edpio, visando a realiza\u00e7\u00e3o de uma campanha, para sensibilizar pessoas que preenchem os requisitos para doa\u00e7\u00e3o de sangue, para comparecer \u00e0 sede do </span></span></span></span></span><span><span><span><span><b>HEMOCENTRO DE ARARAQUARA</b></span></span></span></span><span><span><span><span><span>-</span></span></span></span></span><span><span><span><span><b>SP</b></span></span></span></span><span><span><span><span><span>, e fa\u00e7am tal doa\u00e7\u00e3o, de modo a garantir a sobreviv\u00eancia de outras pessoas que dependem desse ato de solidariedade humana.</span></span></span></span></span></p>\r\n<p align=\"JUSTIFY\" class=\"western\"><span><span><b>Indica\u00e7\u00e3o N\u00famero 0</b></span></span><span><span><span><span><b>47</b></span></span></span></span><span><span><b>/2021 </b></span></span><span><span>\u2013 </span></span><span><span><span><span><b>MARLY LUZIA HELD PAV\u00c3O</b></span></span></span></span> <span><span><span><span>seja </span></span></span></span><span><span><span><span>oficiado ao Exmo. Sr. Prefeito Municipal, solicitando de S/Exa. estudar a possibilidade de proceder a uma reforma administrativa, no sentido de serem criadas, pelo menos 05 (cinco) secretarias de governo para ajudar na administra\u00e7\u00e3o da cidade (Administra\u00e7\u00e3o, Planejamento e Meio Ambiente, Educa\u00e7\u00e3o e Assist\u00eancia, Esportes e Cultura, e Sa\u00fade), podendo ser outra distribui\u00e7\u00e3o a ser feita de modo que a delega\u00e7\u00e3o de poderes e responsabilidades aos Secret\u00e1rios venham a trazer um maior desenvolvimento para nossa cidade pela agilidade na tomada de decis\u00f5es, nas a\u00e7\u00f5es e projetos de cada Secretaria, bem como pelo aumento de recursos estaduais e federais, face de ser o Munic\u00edpio administrado por meio de poderes delegados a Secret\u00e1rios Municipais, e n\u00e3o somente concentrados em m\u00e3os do Chefe do Executivo Municipal.</span></span></span></span></p>\r\n<p align=\"CENTER\" class=\"western\"><br /><br /></p>\r\n<p align=\"CENTER\" class=\"western\"><span><span><span><b>REQUERIMENTOS</b></span></span></span></p>\r\n<p align=\"JUSTIFY\" class=\"western\"><a name=\"_Hlk42693874\"></a> <span><span><b><span>Requerimento N\u00famero 027/2021 </span></b></span></span><span><span><span>-</span></span></span><span><span><b><span> </span></b></span></span><span><span><b><span>ALDEVAM LIMA ARA\u00daJO</span></b></span></span><span><span><b> </b></span></span><span><span><span><span>seja oficiado ao Exmo. Sr. </span></span></span></span><span><span><span><b>MARCOS DAM\u00c1SIO</b></span></span></span><span><span><span><span>, DD. Deputado Estadual, solicitando de S/Exa. envidar esfor\u00e7os no sentido de captar recursos por meio de emenda impositiva, para contemplar o munic\u00edpio de Am\u00e9rico Brasiliense com a aquisi\u00e7\u00e3o de equipamentos que constam no \u201cPortf\u00f3lio de Aparelhamento das Defesas Civis Municipais\u201d.</span></span></span></span></p>\r\n<p align=\"JUSTIFY\" class=\"western\"><a name=\"_Hlk426938741\"></a> <span><span><b><span>Requerimento N\u00famero 028/2021 </span></b></span></span><span><span><span>-</span></span></span><span><span><b><span> </span></b></span></span><span><span><b><span>ALDEVAM LIMA ARA\u00daJO</span></b></span></span><span><span><b> </b></span></span><span><span><span><span>seja </span></span></span></span><span><span><span><span>seja oficiado ao Exmo. Sr. </span></span></span></span><span><span><span><b>JOS\u00c9 AUGUSTO ROSA \u2013 CAPIT\u00c3O AUGUSTO</b></span></span></span><span><span><span><span>, DD. Deputado Federal, solicitando de S/Exa., envidar esfor\u00e7os</span></span></span></span><span><span><span><b> em contemplar o munic\u00edpio de Am\u00e9rico Brasiliense com recursos financeiros,</b></span></span></span><span><span><span><span> por meio de emenda parlamentar, destinados ao custeio da Sa\u00fade.</span></span></span></span></p>\r\n<p align=\"JUSTIFY\" class=\"western\"><a name=\"_Hlk426938742\"></a> <span><span><b><span>Requerimento N\u00famero 029/2021 </span></b></span></span><span><span><span>-</span></span></span><span><span><b><span> </span></b></span></span><span><span><b><span>ALDEVAM LIMA ARA\u00daJO</span></b></span></span><span><span><b> </b></span></span><span><span><span><span>seja </span></span></span></span><span><span><span><span>seja oficiado \u00e0 Exma. Sra. </span></span></span></span><span><span><span><b>POLICIAL</b></span></span></span><span><span><span><span> </span></span></span></span><span><span><span><b>KATIA SASTRE</b></span></span></span><span><span><span><span>, DD. Deputada Federal, solicitando de S/Exa., envidar esfor\u00e7os em contemplar o munic\u00edpio de Am\u00e9rico Brasiliense com recursos financeiros, por meio de emenda parlamentar, no valor de R$ 250.000,00 (duzentos e cinquenta mil reais) destinados ao Setor de Sa\u00fade Municipal.</span></span></span></span></p>\r\n<p align=\"JUSTIFY\" class=\"western\"><a name=\"docs-internal-guid-98ee0d6c-7fff-a5d6-d4\"></a> <span><span><b><span>Requerimento N\u00famero 0</span></b></span></span><span><span><span><span><b><span>30</span></b></span></span></span></span><span><span><b><span>/2021 \u2013</span></b></span></span><span><span> </span></span><span><span><span><span><b>ALCIDES LUIS DE CARVALHO </b></span></span></span></span><span><span><span>seja </span></span></span><span><span><span><span>oficiado </span></span></span></span><span><span><span><span><span><span>\u00e0 </span></span></span></span></span></span><span><span><span><span><span><b>EMPRESA CRUZ de TRANSPORTES,</b></span></span></span></span></span><span><span><span><span><span><span> para que </span></span></span></span></span></span><span><span><span><span><span><b>disponibilize \u00f4nibus no bairro Residencial Alian\u00e7a,</b></span></span></span></span></span><span><span><span><span><span><span> considerando que os mesmos realizam suas rotas at\u00e9 os pr\u00e9dios do CDHU, nos hor\u00e1rios da manh\u00e3, das 6h e 7h, e nos hor\u00e1rios da tarde, das 17h e 18:20h.</span></span></span></span></span></span></p>\r\n<p align=\"JUSTIFY\" class=\"western\"><span><span><b><span>Requerimento N\u00famero 0</span></b></span></span><span><span><span><span><b><span>31</span></b></span></span></span></span><span><span><b><span>/2021 \u2013</span></b></span></span><span><span> </span></span><span><span><span><span><b>JOS\u00c9 M\u00c1RIO SILVA DOS ANJOS</b></span></span></span></span><span><span><b> </b></span></span><span><span><span>s</span></span></span><span><span><span>eja oficiado ao Exmo. Sr. </span></span></span><span><span><b>DIRCEU BR\u00c1S PANO,</b></span></span><span><span><span> DD. Prefeito Municipal, </span></span></span><span><span><span><span>solicitando de S/Exa. informar a esta Casa de Leis se h\u00e1 um projeto de melhoria para o Recinto de Eventos.</span></span></span></span></p>\r\n<p align=\"JUSTIFY\" class=\"western\"><span><span><span><b><span>Requerimento N\u00famero 03</span></b></span></span></span><span><span><span><span><b><span>2</span></b></span></span></span></span><span><span><span><b><span>/2021 \u2013</span></b></span></span></span><span><span><span><b> </b></span></span></span><span><span><span><span><b>JOS\u00c9 M\u00c1RIO SILVA DOS ANJOS</b></span></span></span></span><span><span><span><b> </b></span></span></span><span><span><span><span><span>R</span></span></span></span></span><span><span><span><span><span>etirado pelo autor</span></span></span></span></span></p>\r\n<p align=\"JUSTIFY\" class=\"western\"><span><span><b><span>Requerimento N\u00famero 0</span></b></span></span><span><span><span><span><b><span>33</span></b></span></span></span></span><span><span><b><span>/2021 \u2013 </span></b></span></span><span><span><span><span><b>LEANDRO HENRIQUE MORALLES</b></span></span></span></span><span><span><b> </b></span></span><span><span><span>Retirado pelo autor.</span></span></span></p>\r\n<p align=\"JUSTIFY\" class=\"western\"><span><span><span><b><span>Requerimento N\u00famero 03</span></b></span></span></span><span><span><span><span><b><span>4</span></b></span></span></span></span><span><span><span><b><span>/2021 \u2013</span></b></span></span></span><span><span><span><span> </span></span></span></span><span><span><span><span><b>MARLY LUZIA HELD PAV\u00c3O</b></span></span></span></span><span><span><span><b> </b></span></span></span><span><span><span><span>Retirado pelo autor.</span></span></span></span></p>\r\n<p align=\"JUSTIFY\" class=\"western\"><span><span><span><b><span>Requerimento N\u00famero 03</span></b></span></span></span><span><span><span><span><b><span>5</span></b></span></span></span></span><span><span><span><b><span>/2021 \u2013</span></b></span></span></span><span><span><span><span> </span></span></span></span><span><span><span><span><b>MARLY LUZIA HELD PAV\u00c3O</b></span></span></span></span><span><span><span><b> </b></span></span></span><span><span><span><span>seja oficiado ao Exmo. Sr. Prefeito Municipal, solicitando de S/Exa. entrar em entendimentos com o Diretor de Esportes do Munic\u00edpio, Sr. LAUDIONOR ELIAS GERALDO, no sentido do mesmo responder \u00e0s seguintes quest\u00f5es:- </span></span></span></span><span><span>1)- Quais as atividades e pr\u00e1ticas esportivas estavam sendo oferecidas por este Departamento, no in\u00edcio do per\u00edodo da pandemia, ou seja, em mar\u00e7o de 2020, especificando p\u00fablico alvo e os profissionais contratados para a essas finalidades; 2)- Desses profissionais contratados, quais continuam a receber seus sal\u00e1rios mensais pelo Munic\u00edpio, e quais foram demitidos, especificando as datas de demiss\u00f5es; 3)- Se existem profissionais afastados de seus cargos, alegando ser de algum grupo de risco, previsto na legisla\u00e7\u00e3o do Covid-19; 4)- Quais os projetos desenvolvidos pelos profissionais, funcion\u00e1rios p\u00fablicos municipais, para nossas crian\u00e7as, jovens, adultos e pessoal da terceira idade, durante esse per\u00edodo de quase um ano de encerramento das atividades presenciais; e </span></span><span><span><span><span>5)- Em caso negativo, qual a justificativa desse Departamento para n\u00e3o implanta\u00e7\u00e3o de um projeto adaptado a esse per\u00edodo de pandemia, o qual, inclusive est\u00e1 sendo exigido das nossas entidades, pelo Tribunal de Contas do Estado de S\u00e3o Paulo.</span></span></span></span></p>\r\n<p align=\"JUSTIFY\" class=\"western\"><span><span><span><b><span>Requerimento N\u00famero 03</span></b></span></span></span><span><span><span><span><b><span>6</span></b></span></span></span></span><span><span><span><b><span>/2021 \u2013</span></b></span></span></span><span><span><span><span> </span></span></span></span><span><span><span><span><b>MARLY LUZIA HELD PAV\u00c3O</b></span></span></span></span><span><span><span><b> </b></span></span></span><span><span><span><span>seja </span></span></span></span><span><span><span><span><span><span>seja oficiado ao Exmo. Sr. Prefeito Municipal, solicitando de S/Exa. entrar entendimentos com o</span></span></span></span></span></span><span><span><span><span><span> </span></span></span></span></span><span><span><span><span><span><b>Dr. Ezequiel, Diretor Cl\u00ednico do Hospital Municipal \u201cDr. Jos\u00e9 Nigro\u201d, </b></span></span></span></span></span><span><span><span><span><span>\u00a0</span></span></span></span></span><span><span><span><span><span><span>no sentido de responder ao seguinte questionamentos: </span></span></span></span></span></span><span><span><span><span><span><b>1) </b></span></span></span></span></span><span><span><span><span><span><span>Se a equipe m\u00e9dica que est\u00e1 \u00e0 frente do combate do Covid-19, com atua\u00e7\u00e3o no Hospital Munic\u00edpal \u201cJos\u00e9 Nigro\u201d, est\u00e1 adotando algum protocolo de tratamento precoce do Covid-19; e </span></span></span></span></span></span><span><span><span><span><span><b>2)</b></span></span></span></span></span><span><span><span><span><span> </span></span></span></span></span><span><span><span><span><span><span>Em caso positivo, desde quando isso est\u00e1 ocorrendo, quais os medicamentos que est\u00e3o sendo liberados a esses pacientes, se esses rem\u00e9dios est\u00e3o \u00e0 disposi\u00e7\u00e3o da popula\u00e7\u00e3o na rede p\u00fablica municipal de farm\u00e1cia, aos s\u00e1bados e domingos e feriados, quais s\u00e3o tais medicamentos, e se s\u00e3o liberados aos pacientes antes ou depois da contamina\u00e7\u00e3o pelo mencionado v\u00edrus.</span></span></span></span></span></span><span><span><span><span> </span></span></span></span></p>\r\n<p align=\"JUSTIFY\" class=\"western\">\u00a0</p>\r\n<p align=\"CENTER\" class=\"western\"><span><span><b>Mat\u00e9rias constantes da Ordem do Dia</b></span></span></p>\r\n<p align=\"JUSTIFY\" class=\"western\">\u00a0<strong><b>Projeto de Lei n\u00b0 010/2021</b></strong><strong>, de autoria da Prefeitura Municipal de Am\u00e9rico Brasiliense, que disp\u00f5e sobre a abertura de cr\u00e9ditos adicionais especiais e d\u00e1 outras provid\u00eancias - </strong><strong><b>APROVADO</b></strong></p>\r\n<p align=\"JUSTIFY\" class=\"western\">\u00a0<span>\u00a0</span></p>\r\n<ul>\r\n<li>\r\n<p align=\"JUSTIFY\" class=\"western\"><span><span>Para assistir a sess\u00e3o na \u00edntegra, siga pelo link https://www.youtube.com/watch?v=_oB-nQmk-D0</span></span></p>\r\n</li>\r\n<li>\r\n<p align=\"JUSTIFY\" class=\"western\"><span><span>Acompanhe tamb\u00e9m nosso Canal do Youtube - </span></span><span><span><a href=\"https://www.youtube.com/channel/UCXkHkbDa_IEDbrqOJT_CgKA\"><span><span><span><span>https://www.youtube.com/channel/UCXkHkbDa_IEDbrqOJT_CgKA</span></span></span></span></a></span></span><span><span>\u00a0</span></span></p>\r\n</li>\r\n</ul>\r\n<p align=\"JUSTIFY\" class=\"western\">\u00a0</p>\r\n<p align=\"JUSTIFY\" class=\"western\">\u00a0</p>", "author_name": "administrador", "version": "1.0", "author_url": "https://www.camaraamericobrasiliense.sp.gov.br/author/administrador", "provider_name": "C\u00e2mara Municipal", "type": "rich"}