{"provider_url": "https://www.camaraamericobrasiliense.sp.gov.br", "title": "RESUMO SESS\u00c3O DO DIA 05/04", "html": "<p align=\"center\"><span><span><b>INDICA\u00c7\u00d5ES</b></span></span></p>\r\n<p align=\"center\"><span><span><b><br /></b></span></span></p>\r\n<p align=\"justify\"><a name=\"_Hlk52271530\"></a><a name=\"_Hlk43209274\"></a> <span><span><span><b>Indica\u00e7\u00e3o N\u00famero </b></span></span><span><span><span><span><b>064</b></span></span></span></span><span><span><b>/2021 </b></span></span><span><span>-</span></span><span><span><b> </b></span></span><span><span><b>ALCIDES LUIS DE CARVALHO</b></span></span><span><span><b> </b></span></span><span><span><span><span>seja oficiado ao Exmo. Sr. Prefeito Municipal, solicitando de S/ Exa. entrar em entendimento com o setor competente</span></span></span></span><span><span><span><span> e </span></span></span></span><span><span><span><b>instalar uma lixeira no canteiro da Alameda Aldo Lupo, </b></span></span></span><span><span><span><span>na altura do n\u00ba 103, mais precisamente em frente \u00e0 Quitanda Bela Vista.</span></span></span></span></span></p>\r\n<p align=\"justify\"><span><span><span><span><span><br /></span></span></span></span></span></p>\r\n<p align=\"justify\"><span><span><span><b>Indica\u00e7\u00e3o N\u00famero 065/2021 </b></span></span><span><span>-</span></span><span><span><b> </b></span></span><span><span><b>ALCIDES LUIS DE CARVALHO</b></span></span><span><span><b> </b></span></span><span><span><span><span><span>seja oficiado ao Exmo. Sr. Prefeito Municipal, solicitando de S/ Exa. entrar em entendimento com o setor competente</span></span></span></span></span><span><span><span><span><span> e </span></span></span></span></span><span><span><span><b><span>construir uma canaleta na alameda Doutor Alberto Jos\u00e9 Eloy Macedo Rollo (Alameda Central), </span></b></span></span></span><span><span><span><span><span>localizada no bairro Jardim Santa Terezinha, em frente ao n\u00ba 615, o mais breve poss\u00edvel. </span></span></span></span></span><span><span><span><span>INDICO ainda, que seja feito recapeamento ou opera\u00e7\u00e3o tapa-buracos em todas as ruas dos bairros Jardim Santa Terezinha e Jardim S\u00e3o Jos\u00e9.</span></span></span></span></span></p>\r\n<p align=\"justify\"><span><span><span><span><span><br /></span></span></span></span></span></p>\r\n<p align=\"justify\"><a name=\"_Hlk522715302\"></a><a name=\"_Hlk432092741\"></a> <span><span><span><span><b>Indica\u00e7\u00e3o N\u00famero </b></span></span></span><span><span><span><span><b>066</b></span></span></span></span><span><span><span><b>/2021 </b></span></span></span><span><span><span><span>-</span></span></span></span><span><span><span><b> </b></span></span></span><span><span><span><b>ALCIDES LUIS DE CARVALHO </b></span></span></span><span><span><span><span>seja </span></span></span></span><span><span><span><span><span>oficiado ao Exmo. Sr. Prefeito Municipal, solicitando de S/ Exa. entrar em entendimento com o setor competente</span></span></span></span></span><span><span><span><span><span> no sentido de ro\u00e7ar e colocar areia no campinho e no parquinho ao ar livre, na rua M\u00e1rio Cavalari. </span></span></span></span></span><span><span><span><span><span>INDICO</span></span></span></span></span><span><span><span><b><span> </span></b></span></span></span><span><span><span><span>tamb\u00e9m que neste local seja colocada uma academia ao ar livre.</span></span></span></span></span></p>\r\n<p align=\"justify\"><span><span><span><span><span><br /></span></span></span></span></span></p>\r\n<p align=\"justify\"><a name=\"_Hlk426938743\"></a> <span><span><span><span><b><span>Indica\u00e7\u00e3o N\u00famero </span></b></span></span></span><span><span><span><span><b><span>067</span></b></span></span></span></span><span><span><span><b><span>/2021 \u2013</span></b></span></span></span><span><span><span><b><span> </span></b></span></span></span><span><span><span><b><span>ALDEVAM LIMA ARA\u00daJO </span></b></span></span></span><span><span><span><span><span>seja </span></span></span></span></span><span><span><span><span><span>oficiado ao Exmo. Sr. Prefeito Municipal, solicitando de S/ Exa. entrar em entendimento com o setor competente, no sentido de construir lombada na rua Jos\u00e9 Carlesci, no bairro Jardim Santa Terezinha, na altura do n\u00ba 360, em frente a Emef. \u201cAtemaro Rodrigues de Souza\u201d.</span></span></span></span></span></span></p>\r\n<p align=\"justify\"><span><span><span><span><span><span><br /></span></span></span></span></span></span></p>\r\n<p align=\"justify\"><a name=\"_Hlk4269387431\"></a> <span><span><span><b>Indica\u00e7\u00e3o N\u00famero </b></span></span><span><span><span><span><b>068</b></span></span></span></span><span><span><b>/2021 - </b></span></span><span><span><span><span><b><span>ALDEVAM LIMA ARA\u00daJO </span></b></span></span></span></span><span><span><span><span>seja oficiado ao Exmo. Sr. Prefeito Municipal, solicitando de S/ Exa. entrar em entendimento com o setor competente, no sentido de realizar a manuten\u00e7\u00e3o asf\u00e1ltica na avenida Lia Della Rovere Furkim, altura do n\u00ba 25, no bairro Jardim S\u00e3o Jos\u00e9. INDICO tamb\u00e9m que, nas proximidades deste local, seja constru\u00edda uma canaleta para escoamento da \u00e1gua da chuva que ali fica parada, causando mau cheiro e, servindo de criadouro para o mosquito da dengue.</span></span></span></span></span></p>\r\n<p align=\"justify\"><span><span><span><span><span><br /></span></span></span></span></span></p>\r\n<p align=\"justify\"><span><span><span><b>Indica\u00e7\u00e3o N\u00famero </b></span></span><span><span><span><span><b>069</b></span></span></span></span><span><span><b>/2021 \u2013 </b></span></span><span><span><b>JOS\u00c9 M\u00c1RIO SILVA DOS ANJOS </b></span></span><span><span><span><span>seja oficiado ao Exmo. Sr. Prefeito Municipal, solicitando de S/ Exa. entrar em entendimento com o setor competente, no sentido de </span></span></span></span><span><span><span><b>colocar ilumina\u00e7\u00e3o p\u00fablica na passagem de pedestres que interliga o estabelecimento V\u00f4 Films ao bairro Jardim Luis Ometto. </b></span></span></span><span><span><span><span>Indico ainda, que seja colocada ilumina\u00e7\u00e3o p\u00fablica na Academia ao Ar Livre, localizada na Pra\u00e7a \u201c</span></span></span></span><span><span><span><span><span><span><span>Raphael Feroldi Gutierrez</span></span></span></span></span></span></span><span><span><span><span><span><span><span>\u201d, do bairro Residencial Ponte Alta (Jardim S\u00e3o Judas).</span></span></span></span></span></span></span></span></p>\r\n<p align=\"justify\"><span><span><span><span><span><span><span><span><br /></span></span></span></span></span></span></span></span></p>\r\n<p align=\"justify\"><span><span><span><span><span><span><span><b>Indica\u00e7\u00e3o N\u00famero </b></span></span></span></span></span></span><span><span><span><span><span><span><span><b>070</b></span></span></span></span></span></span></span><span><span><span><span><span><span><b>/2021 \u2013 JOS\u00c9 M\u00c1RIO SILVA DOS ANJOS </b></span></span></span></span></span></span><span><span><span><span><span><span><span>seja oficiado ao Exmo. Sr. Prefeito Municipal, solicitando de S/ Exa. entrar em entendimento com o setor competente, no sentido de realizar a pintura das faixas de pedestre, na Avenida Joaquim Afonso da Costa, localizada no centro.</span></span></span></span></span></span></span></span></p>\r\n<p align=\"justify\"><span><span><span><span><span><span><span><span><br /></span></span></span></span></span></span></span></span></p>\r\n<p align=\"justify\"><span><span><span><span><span><span><span><b>Indica\u00e7\u00e3o N\u00famero </b></span></span></span></span></span></span><span><span><span><span><span><span><span><b>071</b></span></span></span></span></span></span></span><span><span><span><span><span><span><b>/2021 \u2013 JOS\u00c9 M\u00c1RIO SILVA DOS ANJOS </b></span></span></span></span></span></span><span><span><span><span><span><span><span>seja oficiado ao Exmo. Sr. Prefeito Municipal, solicitando de S/ Exa. entrar em entendimento com o setor competente, no sentido de </span></span></span></span></span></span></span><span><span><span><span><span><span><b>recapear as Ruas 2, 5 e 6,</b></span></span></span></span></span></span><span><span><span><span><span><span><span> situadas no bairro Jardim Lu\u00eds Ometto, o mais breve poss\u00edvel.</span></span></span></span></span></span></span></span></p>\r\n<p align=\"justify\"><span><span><span><span><span><span><span><span><br /></span></span></span></span></span></span></span></span></p>\r\n<p align=\"justify\"><span><span><span><b>Indica\u00e7\u00e3o N\u00famero 0</b></span></span><span><span><span><span><b>72</b></span></span></span></span><span><span><b>/2021 \u2013</b></span></span><span><span> </span></span><span><span><b>LEANDRO HENRIQUE MORALLES </b></span></span><span><span><span><span><span>seja oficiado ao Exmo. Sr. Prefeito Municipal, solicitando de S/ Exa. entrar em entendimento com o setor competente, no sentido de construir lombada na avenida Secondo Della Rovere, na altura do n\u00ba 190.</span></span></span></span></span></span></p>\r\n<p align=\"justify\"><span><span><span><span><span><span><br /></span></span></span></span></span></span></p>\r\n<p align=\"justify\"><span><span><span><span><b><span>Indica\u00e7\u00e3o N\u00famero </span></b></span></span></span><span><span><span><span><b><span>073</span></b></span></span></span></span><span><span><span><b><span>/2021 \u2013</span></b></span></span></span><span><span><span><b><span> </span></b></span></span></span><span><span><span><span><b><span>MARLY LUZIA HELD PAV\u00c3O</span></b></span></span></span></span><span><span><span><b><span> </span></b></span></span></span><span><span><span><span><span>seja oficiado ao Exmo. Sr. Prefeito Municipal, </span></span></span></span></span><span><span><span><span><span>solicitando de S/Exa. a </span></span></span></span></span><span><span><span><b><span>coloca\u00e7\u00e3o de ca\u00e7ambas em lugares estrat\u00e9gicos de bairros de nossa cidade, em dias certos, que poder\u00e3o ser anunciados em recibos de \u00e1gua e pelos meios de comunica\u00e7\u00e3o,</span></b></span></span></span><span><span><span><span><span> para colheita de restos de constru\u00e7\u00e3o, diminuindo assim o impacto ambiental danoso que esse descarte irregular causa \u00e0 paisagem urban\u00edstica de nossa cidade.</span></span></span></span></span></span></p>\r\n<p align=\"justify\"><span><span><span><span><span><span><br /></span></span></span></span></span></span></p>\r\n<p align=\"justify\"><span><span><span><b>Indica\u00e7\u00e3o N\u00famero </b></span></span><span><span><span><span><b>074</b></span></span></span></span><span><span><b>/2021 - </b></span></span><span><span><span><span><b><span>MARLY LUZIA HELD PAV\u00c3O</span></b></span></span></span></span><span><span><span><span><b><span> </span></b></span></span></span></span><span><span><b> </b></span></span><span><span><span><span>seja oficiado ao Exmo. Sr. Prefeito Municipal, solicitando de /Exa. entrar em entendimento com o setor municipal competente, visando </span></span></span></span><span><span><span><b>o cal\u00e7amento da passagem sobre a linha f\u00e9rrea, localizado entre as Ruas Manoel Borba e Ribeiro de Barros, </b></span></span></span><span><span><span><span>que d\u00e3o acesso \u00e0 Travessa S\u00e3o Benedito e Avenida 9 de Julho, respectivamente.</span></span></span></span></span></p>\r\n<p align=\"justify\">\u00a0</p>\r\n<p align=\"justify\"><span><span><span><span><b>Indica\u00e7\u00e3o N\u00famero 0</b></span></span></span><span><span><span><span><b>75</b></span></span></span></span><span><span><span><b>/2021 </b></span></span></span><span><span><span><b>\u2013 </b></span></span></span><span><span><span><span><b>ROBERTO RODRIGUES JOB </b></span></span></span></span><span><span><span><span><span>seja oficiado ao Exmo. Sr. Prefeito Municipal, solicitando de S/ Exa. entrar em entendimento com o setor competente, no sentido de colocar uma academia ao ar livre na pra\u00e7a localizada em frente a empresa Withford.</span></span></span></span></span></span></p>\r\n<p align=\"justify\"><span><span><span><span><span><span><br /></span></span></span></span></span></span></p>\r\n<p align=\"justify\"><span><span><span><b>\u00famero </b></span></span><span><span><span><span><b>076</b></span></span></span></span><span><span><b>/2021 \u2013 </b></span></span><span><span><b>V</b></span></span><span><span><span><span><b>ALDEIR BEZERRA DA SILVA </b></span></span></span></span><span><span><span>seja oficiado ao Exmo. Sr. Prefeito Municipal, solicitando de S/Exa., entrar em entendimento com o setor competente, no sentido de </span></span></span><span><span><b>orientar os profissionais de sa\u00fade respons\u00e1veis pela vacina\u00e7\u00e3o da COVID-19 em nosso Munic\u00edpio, </b></span></span><span><span><span>quanto a realizar o preparo das vacinas em frente aos pacientes, evitando assim quaisquer d\u00favidas </span></span></span><span><span><span><span>no tocante</span></span></span></span><span><span><span> \u00e0 administra\u00e7\u00e3o e aplica\u00e7\u00e3o da vacina. </span></span></span></span></p>\r\n<p align=\"justify\">\u00a0</p>\r\n<p align=\"center\"><span><span><span><span><b>REQUERIMENTOS</b></span></span></span></span></p>\r\n<p align=\"center\"><span><span><span><span><b><br /></b></span></span></span></span></p>\r\n<p align=\"justify\"><span><span><span><b>Requerimento N\u00famero 0</b></span></span><span><span><span><span><b>46</b></span></span></span></span><span><span><b>/2021 \u2013</b></span></span><span><span> </span></span><span><span><span><span><b>JOS\u00c9 M\u00c1RIO SILVA DOS ANJOS</b></span></span></span></span><span><span><b> </b></span></span><span><span><span><span>seja oficiado ao Exmo. Sr. </span></span></span></span><span><span><span><b>DIRCEU BR\u00c1S PANO</b></span></span></span><span><span><span><span>, DD. Prefeito Municipal, solicitando de S/Exa. informar a esta Casa de Leis o seguinte acerca dos restos de materiais escolares entre outros, abandonados no barrac\u00e3o do Japon\u00eas: </span></span></span></span><span><span><span>1- Qual o motivo de o barrac\u00e3o abrigar esses objetos em estado depredado; 2- A prefeitura paga aluguel deste local? Se sim, qual o valor? e, </span></span></span><span><span><span><span>3- Qual o departamento respons\u00e1vel pela utiliza\u00e7\u00e3o deste local?</span></span></span></span></span></p>\r\n<p align=\"justify\"><span><span><span><span><span><br /></span></span></span></span></span></p>\r\n<p align=\"justify\" class=\"western\"><span><span><span><b>Requerimento N\u00famero 047/2021 \u2013</b></span></span></span><span><span><span><span> </span></span></span></span><span><span><span><span><b>MARLY LUZIA HELD PAV\u00c3O</b></span></span></span></span><span><span><span><span> seja oficiado ao Exmo. Sr. Prefeito Municipal, solicitando de S/Exa. entrar em entendimento com a Diretora de Educa\u00e7\u00e3o do Munic\u00edpio, Profa. Elizandra Marques de Assump\u00e7\u00e3o, no sentido da mesma enviar a esta Casa de Leis, a rela\u00e7\u00e3o de marmitex previstos para serem distribu\u00eddos, com a rela\u00e7\u00e3o dos que foram efetivamente entregues, em todos os dias do m\u00eas mar\u00e7o do corrente ano, discriminando todos os estabelecimentos de ensino onde houve essa distribui\u00e7\u00e3o desse tipo de merenda escolar. </span></span></span></span><span><span><span><b>REQUEIRO, </b></span></span></span><span><span><span><span>outrossim, o envio da nota fiscal para pagamento desses marmitex no m\u00eas de mar\u00e7o do corrente ano.</span></span></span></span></p>\r\n<p align=\"justify\" class=\"western\"><span><span><span><span><br /></span></span></span></span></p>\r\n<p align=\"justify\"><span><span><span><span><b>Requerimento N\u00famero 0</b></span></span></span><span><span><span><span><b>48</b></span></span></span></span><span><span><span><b>/2021 \u2013</b></span></span></span><span><span><span><span><b>MARLY LUZIA HELD PAV\u00c3O</b></span></span></span></span><span><span><span><b> </b></span></span></span><span><span><span><span>seja oficiado ao atual Presidente do Americano Futebol Clube, Sr. VALDECIR APARECIDO BARBA\u00c7A, solicitando do mesmo, enviar a esta Casa de Leis informa\u00e7\u00f5es a respeito dos planos desta associa\u00e7\u00e3o, em promover a reconstru\u00e7\u00e3o da sede social do AMERICANO FUTEBOL CLUBE, no restante do terreno, e ainda prestar informa\u00e7\u00f5es a respeito do valor financeiro que ainda se encontra disponibilizado, para tal finalidade, vez que a popula\u00e7\u00e3o ameriliense n\u00e3o est\u00e1 recebendo nenhuma explica\u00e7\u00e3o a respeito desta constru\u00e7\u00e3o, que vir\u00e1 restabelecer parte da hist\u00f3ria cultural de nossa cidade, vez que o AMERICANO FUTEBOL CLUBE, apesar de ser uma entidade de direito privado, constitui desde sua funda\u00e7\u00e3o em patrim\u00f4nio hist\u00f3rico de Am\u00e9rico Brasiliense.</span></span></span></span></span></p>\r\n<p align=\"justify\"><span><span><span><span><span><br /></span></span></span></span></span></p>\r\n<p align=\"justify\"><span><span><span><span><b>Requerimento N\u00famero 049/2021 \u2013</b></span></span></span><span><span><span><b> </b></span></span></span><span><span><span><span><b>VALDEIR BEZERRA DA SILVA </b></span></span></span></span><span><span><span><span><span>seja </span></span></span></span></span><span><span><span><span>oficiado ao Exmo. Sr. DIRCEU BR\u00c1S PANO, DD. Prefeito Municipal, entrar em entendimento com o setor competente </span></span></span></span><span><span><span><span>e</span></span></span></span><span><span><span><span> informar a esta Casa de Leis, quais as provid\u00eancias ser\u00e3o tomadas em rela\u00e7\u00e3o a</span></span></span></span><span><span><span><span>o fato mencionado na \u201cNota de Esclarecimento\u201d, emitida pela Prefeitura municipal de Am\u00e9rico Brasiliense, em sua p\u00e1gina Oficial do Facebook, na data de 26 de mar\u00e7o de 2021, cujo seja, que durante a vacina\u00e7\u00e3o da Covid-19 em uma pessoa, foi constatado que uma seringa estava vazia, tendo sido realizada ent\u00e3o, uma nova aplica\u00e7\u00e3o no mesmo paciente.</span></span></span></span></span></p>\r\n<p align=\"justify\" class=\"western\">\u00a0</p>\r\n<p align=\"center\" class=\"western\"><span><span><span><b>MO\u00c7\u00c3O</b></span></span></span></p>\r\n<p align=\"center\">\u00a0</p>\r\n<p align=\"justify\"><span><span><span><b>Mo\u00e7\u00e3o n\u00famero 010/2021 - </b></span></span><span><span><span><span><b>ALDEVAM LIMA DE ARA\u00daJO</b></span></span></span></span><span><span><b> </b></span></span><span><span><span>seja </span></span></span><span><span><span>registrada na ata dos trabalhos de hoje, </span></span></span><span><span><b>MO\u00c7\u00c3O DE CONGRATULA\u00c7\u00d5ES E APLAUSOS</b></span></span><span><span><span> \u00e0</span></span></span><span><span><span><span><span> Exma Sra. Katia Sastre, dd. Deputada Federal, pela destina\u00e7\u00e3o de emenda parlamentar no valor de r$ 50.000,00 (cinquenta mil reais) destinada ao Fundo Municipal de Sa\u00fade de nosso Munic\u00edpio.</span></span></span></span></span></span></p>\r\n<p align=\"justify\">\u00a0</p>\r\n<p align=\"justify\"><span><span><span><span><span><b>Mo\u00e7\u00e3o n\u00famero 011/2021 - </b></span></span></span></span><span><span><span><span><b>DIEGO RODRIGUES DE SOUZA </b></span></span></span></span><span><span>seja consignado na ata dos trabalhos de hoje, voto de profundo pesar pelo falecimento do Senhor </span></span><span><span><span><b>APARECIDO FERNANDES, </b></span></span></span><span><span>ocorrido no \u00faltimo dia 05.</span></span></span></p>\r\n<p align=\"justify\">\u00a0</p>\r\n<p align=\"justify\"><span><span><span><span><span><b>Mo\u00e7\u00e3o n\u00famero 012/2021 - </b></span></span></span></span><span><span><span><span><b>DIEGO RODRIGUES DE SOUZA </b></span></span></span></span><span><span><span><span><span>seja consignado na ata dos trabalhos de hoje, voto de profundo pesar pelo falecimento do Exmo. Senhor Senador S\u00e9rgio Ol\u00edmpio Gomes, ocorrido no \u00faltimo dia 18.</span></span></span></span></span></span></p>\r\n<p align=\"justify\">\u00a0</p>\r\n<p align=\"justify\"><span><span><span><span><span><b>Mo\u00e7\u00e3o n\u00famero 013/2021 - </b></span></span></span></span><span><span><span><span><b>DIEGO RODRIGUES DE SOUZA </b></span></span></span></span><span><span><span><span><b> </b></span></span></span></span><span><span><span><span><span>seja consignado na ata dos trabalhos de hoje, voto de profundo pesar pelo falecimento do Senhor ZARIAS ALVES DE CAMPOS, ocorrido no \u00faltimo dia 21.</span></span></span></span></span></span></p>\r\n<p align=\"justify\">\u00a0</p>\r\n<p align=\"justify\"><span><span><span><span><span><b>Mo\u00e7\u00e3o n\u00famero 014/2021 - </b></span></span></span></span><span><span><span><span><b>DIEGO RODRIGUES DE SOUZA </b></span></span></span></span><span><span><span><span><b> </b></span></span></span></span><span><span><span><span><span>seja consignado na ata dos trabalhos de hoje, voto de profundo pesar pelo falecimento da Senhora MARGARIDA CELESTINO MINGHINI, ocorrido no \u00faltimo dia 25.</span></span></span></span></span></span></p>\r\n<p align=\"justify\">\u00a0</p>\r\n<p align=\"justify\"><span><span><span><span><span><b>Mo\u00e7\u00e3o n\u00famero 015/2021 - </b></span></span></span></span><span><span><span><span><b>DIEGO RODRIGUES DE SOUZA </b></span></span></span></span><span><span><span><span><b> </b></span></span></span></span><span><span><span><span><span>seja consignado na ata dos trabalhos de hoje, voto de profundo pesar pelo falecimento da Senhora VALNICE HELENA DE SANTI, ocorrido no \u00faltimo dia 15.</span></span></span></span></span></span></p>\r\n<p align=\"justify\">\u00a0</p>\r\n<p align=\"justify\"><span><span><span><span><span><b>Mo\u00e7\u00e3o n\u00famero 016/2021 - JOS\u00c9 ROBERTO DE ANDRADE</b></span></span></span></span><span><span><span><span><b> </b></span></span></span></span><span><span><span><span><span>seja registrada na ata dos trabalhos de hoje, MO\u00c7\u00c3O DE CONGRATULA\u00c7\u00d5ES E APLAUSOS </span></span></span></span></span><span><span><span><span><span>ao Exmo Sr. M\u00e1rcio Alvino, dd. Deputado Federal, pela intermedia\u00e7\u00e3o junto ao Minist\u00e9rio da Sa\u00fade, onde nossa cidade foi contemplada com dois respiradores para o enfrentamento da pandemia da covid-19.</span></span></span></span></span></span></p>\r\n<p align=\"justify\">\u00a0</p>\r\n<p align=\"justify\"><span><span><span><span><span><b>Mo\u00e7\u00e3o n\u00famero 017/2021 - </b></span></span></span></span><span><span><span><span><b>VALDEIR BEZERRA DA SILVA </b></span></span></span></span><span><span><span><span><span>seja consignado na ata dos trabalhos de hoje, voto de profundo pesar pelo falecimento do Senhor JOS\u00c9 FERNANDO BRASILIO, ocorrido no \u00faltimo dia 15.</span></span></span></span></span></span></p>\r\n<p align=\"justify\">\u00a0</p>\r\n<p align=\"justify\"><span><span><span><span><span><b>Mo\u00e7\u00e3o n\u00famero 018/2021 - </b></span></span></span></span><span><span><span><span><b>DIEGO RODRIGUES DE SOUZA </b></span></span></span></span><span><span><span><span><span>seja consignado na ata dos trabalhos de hoje, voto de profundo pesar pelo falecimento da Senhora MARIA COSMO DE ALMEIDA, ocorrido no \u00faltimo dia 03.</span></span></span></span></span></span></p>\r\n<p align=\"justify\">\u00a0<span>\u00a0</span></p>\r\n<p align=\"center\"><span><span><span><b>Mat\u00e9rias constantes da Ordem do Dia</b></span></span></span></p>\r\n<p align=\"center\">\u00a0</p>\r\n<p align=\"justify\"><span><span><span><b>Requerimento de Urg\u00eancia Especial 003/2021</b></span></span><span><span><span> Seja </span></span></span><span><span><span>inclu\u00edda na Ordem do Dia de hoje, em regime de Urg\u00eancia Especial, nos termos do artigo 142, inciso I, letra b, e Inciso V, ambos do Regimento Interno, a seguinte mat\u00e9ria: </span></span></span><span><span><b>P</b></span></span><span><span><span><b>rojeto de L</b></span></span></span><span><span><span><b>ei</b></span></span></span><span><span><span><b> n\u00b0 016/2021</b></span></span></span><span><span><span><span>, de autoria do </span></span></span></span><span><span><span><span>Poder Executivo</span></span></span></span><span><span><span><span>, que </span></span></span></span><span><span><span><span><span>\u201c</span></span></span></span></span><span><span><span><span>Disp\u00f5e sobre a abertura de cr\u00e9ditos adicionais especiais e d\u00e1 outras provid\u00eancias.\u201d </span></span></span></span><span><span><b>- APROVADO</b></span></span></span></p>\r\n<p align=\"justify\" class=\"western\">\u00a0</p>\r\n<p align=\"justify\" class=\"western\"><strong><span><span><span><span><b>Projeto de Lei n\u00b0 016/2021</b></span></span></span></span></strong><strong><span><span><span><span><span> </span></span></span></span></span></strong><span><span><span><span><span><span><span><span>de autoria do </span></span></span></span></span></span></span></span><span><span><span><span><span><span><span><span>Poder Executivo</span></span></span></span></span></span></span></span><span><span><span><span><span><span><span><span>, que </span></span></span></span></span></span></span></span><span><span><span><span><span><span><span><span>\u201c</span></span></span></span></span></span></span></span><strong><span><span><span><span><span><span><span><span>Disp\u00f5e sobre a abertura de cr\u00e9ditos adicionais especiais e d\u00e1 outras provid\u00eancias.\u201d</span></span></span></span></span></span></span></span></strong><strong><span><span><span><span><span> - </span></span></span></span></span></strong><strong><span><span><span><span><b>APROVADO</b></span></span></span></span></strong></p>\r\n<p align=\"justify\" class=\"western\">\u00a0</p>\r\n<p align=\"justify\" class=\"western\"><strong><span><span><span><span><b>Emenda n\u00ba 01 Aditiva ao Projeto de Lei n\u00ba 016/2021 </b></span></span></span></span></strong><span><span><span><span><span><span><span><span>de autoria do </span></span></span></span></span></span></span></span><span><span><span><span><span><span><span><span>Vereador Maicon Rios de Souza. </span></span></span></span></span></span></span></span><strong><span><span><span><span><span><span><span><span>- </span></span></span></span></span></span></span></span></strong><strong><span><span><span><span><span><span><span><b>APROVADO</b></span></span></span></span></span></span></span></strong></p>\r\n<p align=\"justify\" class=\"western\">\u00a0</p>\r\n<p align=\"justify\" class=\"western\"><strong><span><span><span><span><b>Reda\u00e7\u00e3o Final n\u00ba 001 ao Projeto de Lei n\u00ba 016/2021 </b></span></span></span></span></strong><strong><span><span><span><span><span>- </span></span></span></span></span></strong><strong><span><span><span><span><b>APROVADO</b></span></span></span></span></strong></p>\r\n<p align=\"justify\" class=\"western\">\u00a0</p>\r\n<p align=\"justify\" class=\"western\"><strong><span><span><span><span><span><span><span><b>Projeto de Lei n\u00b0 009/2021 </b></span></span></span></span></span></span></span></strong><strong><span><span><span><span><span><span><span><span>Disp\u00f5e sobre a cria\u00e7\u00e3o do Conselho Municipal de Acompanhamento e Controle Social do Fundo de Manuten\u00e7\u00e3o e Desenvolvimento da Educa\u00e7\u00e3o B\u00e1sica e de Valoriza\u00e7\u00e3o dos Profissionais da Educa\u00e7\u00e3o - Conselho do FUNDEB e d\u00e1 outras provid\u00eancias - </span></span></span></span></span></span></span></span></strong><strong><span><span><span><span><span><span><span><b>APROVADO</b></span></span></span></span></span></span></span></strong></p>\r\n<p align=\"justify\" class=\"western\">\u00a0</p>\r\n<p align=\"justify\" class=\"western\"><strong><span><span><span><span><b>Emenda n\u00ba 01 Modificativa ao Projeto de Lei n\u00ba 009/2021 </b></span></span></span></span></strong><span><span><span><span><span><span><span><span>de autoria do Vereador Diego Rodrigues de Souza</span></span></span></span></span></span></span></span><strong><span><span><span><span><span> - </span></span></span></span></span></strong><strong><span><span><span><span><b>APROVADO</b></span></span></span></span></strong></p>\r\n<p align=\"justify\" class=\"western\">\u00a0</p>\r\n<p align=\"justify\" class=\"western\"><strong><span><span><span><span><span><span><span><b>Reda\u00e7\u00e3o Final n\u00ba 002 ao Projeto de Lei n\u00ba 009/2021 \u2013</b></span></span></span></span></span></span></span></strong><strong><span><span><span><span><span><span><span><span> </span></span></span></span></span></span></span></span></strong><strong><span><span><span><span><span><span><span><b>APROVADO</b></span></span></span></span></span></span></span></strong></p>\r\n<p align=\"justify\" class=\"western\">\u00a0</p>\r\n<p align=\"justify\">\u00a0</p>\r\n<ul>\r\n<li>\r\n<p align=\"justify\" class=\"western\"><span><span>Para assistir a sess\u00e3o na \u00edntegra, siga pelo link https://www.youtube.com/watch?v=ne-LJnWpRwI</span></span></p>\r\n</li>\r\n<li>\r\n<p align=\"justify\" class=\"western\"><span><span>Acompanhe tamb\u00e9m nosso Canal do Youtube - </span></span><span><a href=\"https://www.youtube.com/channel/UCXkHkbDa_IEDbrqOJT_CgKA\" target=\"_blank\"><span><span><span><span>https://www.youtube.com/channel/UCXkHkbDa_IEDbrqOJT_CgKA</span></span></span></span></a></span><span><span><span>\u00a0</span></span></span></p>\r\n</li>\r\n</ul>\r\n<p align=\"justify\" class=\"western\">\u00a0</p>\r\n<p align=\"justify\">\u00a0</p>\r\n<p align=\"justify\">\u00a0</p>", "author_name": "administrador", "version": "1.0", "author_url": "https://www.camaraamericobrasiliense.sp.gov.br/author/administrador", "provider_name": "C\u00e2mara Municipal", "type": "rich"}