{"provider_url": "https://www.camaraamericobrasiliense.sp.gov.br", "title": "RESUMO SESS\u00c3O DO DIA 05/07", "html": "<p align=\"center\"><span><span><b>Resumo das proposi\u00e7\u00f5es apresentadas:</b></span></span></p>\r\n<p align=\"center\">\u00a0</p>\r\n<p align=\"center\"><span><span><b>INDICA\u00c7\u00d5ES</b></span></span></p>\r\n<p align=\"justify\" class=\"western\"><a name=\"_Hlk52271530\"></a><a name=\"_Hlk43209274\"></a> <span><span><b>Indica\u00e7\u00e3o N\u00famero 147/2021 </b></span></span><span><span>-</span></span><span><span><span><span><b>ALDEVAM LIMA DE ARA\u00daJO (Van do G\u00e1s)</b></span></span></span></span><span><span><b>: </b></span></span><span><span><span><span><span>seja oficiado ao Excelent\u00edssimo Sr. Prefeito Municipal, solicitando de Sua Excel\u00eancia, entrar em entendimento com o setor competente no sentido de </span></span></span></span></span><span><span><span><span><span>se realizar manuten\u00e7\u00e3o da valeta existente na avenida Ant\u00f4nio Gouv\u00eaa, na altura do im\u00f3vel n\u00ba 580.</span></span></span></span></span></p>\r\n<p align=\"justify\" class=\"western\"><a name=\"_Hlk522715301\"></a><a name=\"_Hlk432092742\"></a> <span><span><span><span><b>Indica\u00e7\u00e3o N\u00famero 148/2021 -</b></span></span></span></span><span><span><span><span><b>ALDEVAM LIMA DE ARA\u00daJO (Van do G\u00e1s)</b></span></span></span></span><span><span><span><span><b>: </b></span></span></span></span><span><span><span><span><span>seja oficiado ao Excelent\u00edssimo Sr. Prefeito Municipal, solicitando de Sua Excel\u00eancia, entrar em entendimento com o setor competente no sentido de </span></span></span></span></span><span><span><span><span><b>recapear as ruas do bairro Recanto dos p\u00e1ssaros.</b></span></span></span></span></p>\r\n<p align=\"justify\"><a name=\"_Hlk4320927411\"></a><a name=\"_Hlk76372696\"></a><a name=\"_Hlk522715302\"></a> <span><span><span><b>Indica\u00e7\u00e3o N\u00famero 149/2021 </b></span></span><span><span><b>\u2013</b></span></span><span><span><b> </b></span></span><span><span><span><span><b> </b></span></span></span></span><span><span><span><span><b>JOS\u00c9 M\u00c1RIO SILVA DOS ANJOS (Bahia do Corte)</b></span></span></span></span><span><span><b>:</b></span></span><span><span><span> </span></span></span><span><span><span><span>seja oficiado ao Excelent\u00edssimo Sr. Prefeito Municipal, solicitando de Sua Excel\u00eancia entrar em entendimento no setor competente no sentido de dar continuidade na pista de caminhada ou construir uma cal\u00e7ada, em toda a extens\u00e3o da Rua Maria Madalena de Godoi dos Anjos (Avenida 2), localizada no bairro Jardim Luis Ometto e </span></span></span></span><span><span><span><span><span>que seja implantado um ponto de \u00f4nibus na mencionada rua, com o intuito de facilitar a vida dos passageiros.</span></span></span></span></span></span></p>\r\n<p align=\"justify\" class=\"western\"><a name=\"_Hlk432092741\"></a> <span><span><span><b>Indica\u00e7\u00e3o N\u00famero 150/2021 </b></span></span></span><span><span><span><b>\u2013</b></span></span></span><span><span><span><b> </b></span></span></span><span><span><span><span><b>JOS\u00c9 M\u00c1RIO SILVA DOS ANJOS (Bahia do Corte)</b></span></span></span></span><span><span><span><b>:</b></span></span></span><span><span> </span></span><span><span><span><span>seja oficiado ao Excelent\u00edssimo Sr. Prefeito Municipal, solicitando de Sua Excel\u00eancia entrar em entendimento com o setor competente, no sentido de </span></span></span></span><span><span><span><b>implantar uma lombada na Rua Santa L\u00facia, do bairro Jardim Vista Alegre, na altura do n\u00ba 181.</b></span></span></span></p>\r\n<p align=\"justify\"><span><span><span><span><span><b>Indica\u00e7\u00e3o N\u00famero </b></span></span></span><span><span><b>151</b></span></span><span><span><span><b>/2021 \u2013 </b></span></span></span><span><span><span><span><b>JOS\u00c9 M\u00c1RIO SILVA DOS ANJOS (Bahia do Corte)</b></span></span></span></span><span><span><span><b>:</b></span></span></span><span><span><span><span> </span></span></span></span><span><span><span><span> seja oficiado ao Excelent\u00edssimo Sr. Prefeito Municipal, solicitando de Sua Excel\u00eancia, entrar em entendimento com o setor competente no sentido de </span></span></span></span><span><span><span><span><b>se realizar a reforma da pra\u00e7a Etelvina Maria Mota, localizada no bairro Jardim Vista Alegre, ao lado da f\u00e1brica de tintas e</b></span></span></span></span><span><span><span><span> que seja realizada a troca de ilumina\u00e7\u00e3o da pra\u00e7a.</span></span></span></span></span></span></p>\r\n<p align=\"justify\" class=\"western\">\u00a0</p>\r\n<p align=\"justify\" class=\"western\"><span><span><b>Indica\u00e7\u00e3o N\u00famero 152/2021 \u2013 </b></span></span><span><span><span><b>LEANDRO HENRIQUE MORALLES (Mancha)</b></span></span></span><span><span><span><b>: </b></span></span></span><span><span><b> </b></span></span><span><span><span><span>seja oficiado ao Excelent\u00edssimo Sr. Prefeito Municipal, solicitando de Sua Excel\u00eancia, entrar em entendimento com o setor competente no sentido de </span></span></span></span><span><span><span><span><span>se retirar o entulho na rua Bahia, no bairro Jardim Nossa Senhora das Gra\u00e7as, na altura do im\u00f3vel n\u00ba 340.</span></span></span></span></span></p>\r\n<p align=\"justify\">\u00a0</p>\r\n<p align=\"justify\" class=\"western\"><a name=\"_Hlk76373156\"></a> <span><span><b>Indica\u00e7\u00e3o N\u00famero</b></span></span><span><span><b> 153/2021 \u2013 </b></span></span><span><span><span><b>LEANDRO HENRIQUE MORALLES </b></span></span></span><span><span><span><b>(Mancha)</b></span></span></span><span><span><b>: </b></span></span><span><span><span><span>seja oficiado ao Excelent\u00edssimo Sr. Prefeito Municipal, solicitando de Sua Excel\u00eancia, entrar em entendimento com o setor competente e verificar a possibilidade de</span></span></span></span><span><span><span><b> implementar controlador de acesso no Hospital Municipal Dr. Jos\u00e9 Nigro Neto</b></span></span></span><span><span><span><span>.</span></span></span></span></p>\r\n<p align=\"justify\"><a name=\"_Hlk763731561\"></a><a name=\"__DdeLink__871_1596055209\"></a> <span><span><span><span><b>Indica\u00e7\u00e3o N\u00famero 154/2021 \u2013 </b></span></span><span><span><span><span><b>LEANDRO HENRIQUE MORALLES </b></span></span></span></span><span><span><span><span><b>(Mancha)</b></span></span></span></span><span><span><b>: </b></span></span><span><span><span><b> </b></span></span></span><span><span><span><span>seja oficiado ao Excelent\u00edssimo Sr. Prefeito Municipal, solicitando de Sua Excel\u00eancia, entrar em entendimento com o setor competente e verificar a possibilidade de adquirir equipamentos de inform\u00e1tica para o departamento de Vigil\u00e2ncia Sanit\u00e1ria para serem utilizados na agiliza\u00e7\u00e3o dos cadastros para a vacina\u00e7\u00e3o contra a Covid-19.</span></span></span></span></span></span></p>\r\n<p align=\"justify\"><a name=\"__DdeLink__871_15960552091\"></a> <span><span><span><span><b>Indica\u00e7\u00e3o N\u00famero 155/2021 \u2013 </b></span></span><span><span><span><span><b>ROBERTO RODRIGUES JOB</b></span></span></span></span><span><span><b>:</b></span></span><span><span><span> </span></span></span><span><span><span><span>seja oficiado ao Excelent\u00edssimo Sr. Prefeito Municipal, solicitando de Sua Excel\u00eancia, entrar em entendimento com o setor competente e verificar a possibilidade de </span></span></span></span><span><span><span><span><span>se fazer cal\u00e7ada na avenida Ademir Gouv\u00eaa, entre os bairros Jardim Vista Alegre e Jardim Santa Terezinha.</span></span></span></span></span></span></span></p>\r\n<p align=\"justify\"><span><span><span><span><b>Indica\u00e7\u00e3o N\u00famero 156/2021 \u2013 </b></span></span><span><span><span><span><b>SILAS FERNANDES PINTO:</b></span></span></span></span><span><span><span> </span></span></span><span><span><span><span>seja oficiado ao Excelent\u00edssimo Sr. Prefeito Municipal, solicitando de Sua Excel\u00eancia, entrar em entendimento com o setor competente no sentido de </span></span></span></span><span><span><span><span><span>realizar com seguran\u00e7a, a poda e/ou corte das \u00e1rvores situadas na Rua Boa Esperan\u00e7a do Sul, do bairro Jardim Vista Alegre, visto que as mesmas apresentam copas altas.</span></span></span></span></span></span></span></p>\r\n<p align=\"justify\"><a name=\"__DdeLink__871_159605520911\"></a> <span><span><span><span><b>Indica\u00e7\u00e3o N\u00famero 157/2021 \u2013 </b></span></span><span><span><span><span><b>VALDEIR BEZERRA DA SILVA (Dega)</b></span></span></span></span><span><span><b>:</b></span></span><span><span><span> </span></span></span><span><span><span><span><span>seja oficiado ao Excelent\u00edssimo Sr. Prefeito Municipal, solicitando de Sua Excel\u00eancia, entrar em entendimento com o setor competente no sentido de colocar </span></span></span></span></span><span><span><span><span><span>seguran\u00e7as na Unidade de Sa\u00fade da Fam\u00edlia - USF \u201cMaria Aparecida Alves\u201d (Dona Tita), localizada no bairro Jardim Luis Ometto</span></span></span></span></span><span><span><span><span><span>.</span></span></span></span></span></span></span></p>\r\n<p align=\"justify\"><span><span><span><span><span><span><b>Indica\u00e7\u00e3o N\u00famero 158/2021 \u2013 </b></span></span></span></span><span><span><span><span><b>Z\u00c9LIA DO CARMO GRACINDO:</b></span></span></span></span><span><span><span><span><span> seja oficiado ao Excelent\u00edssimo Sr. Prefeito Municipal, solicitando de Sua Excel\u00eancia, entrar em entendimento com o setor competente no sentido de verificar a possibilidade de instituir um projeto com parceria entre o Grupo S\u00e3o Martinho e o Poder Executivo, no sentido de resguardar e salvar os animais dom\u00e9sticos e silvestres.</span></span></span></span></span></span></span></p>\r\n<p align=\"justify\">\u00a0</p>\r\n<p align=\"center\"><span><span><span><b>REQUERIMENTOS</b></span></span></span></p>\r\n<p align=\"justify\" class=\"western\"><span><span><b>Requerimento N\u00famero 083/2021 </b></span></span><span><span><b>\u2013 JOS\u00c9 M\u00c1RIO SILVA DOS ANJOS (Bahia do Corte):</b></span></span><span><span> </span></span><span><span><span>seja oficiado ao Excelent\u00edssimo Sr. </span></span></span><span><span><span><b>DIRCEU BR\u00c1S PANO</b></span></span></span><span><span><span>, Dign\u00edssimo Prefeito Municipal, solicitando de Sua Excel\u00eancia, entrar em entendimento com o setor competente, no sentido de enviar a esta Casa de Leis, informa\u00e7\u00f5es acerca de se h\u00e1 projeto de implementa\u00e7\u00e3o de lombofaixa na alameda Aldo Lupo, nas proximidades da nova pista de caminhada, para oferecer maior seguran\u00e7a aos pedestres.</span></span></span></p>\r\n<p align=\"justify\" class=\"western\"><a name=\"__DdeLink__127_3082272603\"></a> <span><span><span><b>Requerimento N\u00famero 084/2021 \u2013</b></span></span></span><span><span><span><b> </b></span></span></span><span><span><span><span><b>LEANDRO HENRIQUE MORALLES (Mancha)</b></span></span></span></span><span><span><b>:</b></span></span><span><span><span><b> </b></span></span></span><span><span><span><span>seja oficiado ao Excelent\u00edssimo Sr. DIRCEU BR\u00c1S PANO, Dign\u00edssimo Prefeito Municipal, solicitando de Sua Excel\u00eancia, </span></span></span></span><span><span><span><span>para que entre em entendimento com o setor competente, a fim de informar a esta Casa de Leis, os seguintes questionamentos:</span></span></span></span><span><span><span><b> </b></span></span></span><span><span><span>A mistura de areia com massa asf\u00e1ltica usada na opera\u00e7\u00e3o tapa-buraco, \u00e9 regulamentada por qual norma? Qual a propor\u00e7\u00e3o areia e massa asf\u00e1ltica \u00e9 utilizada na mistura</span></span></span><span><span>? </span></span><span><span><span><span>Quem \u00e9 o respons\u00e1vel por autorizar a atual propor\u00e7\u00e3o de mistura utilizada? Apresentar, se existir, c\u00f3pia do relat\u00f3rio no qual autoriza a realiza\u00e7\u00e3o da mesma.</span></span></span></span></p>\r\n<p align=\"justify\" class=\"western\"><a name=\"__DdeLink__127_30822726031\"></a><a name=\"_Hlk76375088\"></a> <span><span><span><b>Requerimento N\u00famero 085/2021 \u2013</b></span></span></span><span><span><span><b> </b></span></span></span><span><span><span><span><b>LEANDRO HENRIQUE MORALLES (Mancha)</b></span></span></span></span><span><span><span><b>:</b></span></span></span><span><span><span><b> </b></span></span></span><span><span><b>:</b></span></span><span><span><span><b> </b></span></span></span><span><span><span><b> </b></span></span></span><span><span><span><span>seja oficiado ao Excelent\u00edssimo Sr. DIRCEU BR\u00c1S PANO, Dign\u00edssimo Prefeito Municipal, solicitando de Sua Excel\u00eancia, entrar em entendimento com o setor competente, no sentido de enviar a esta Casa de Leis, informa\u00e7\u00f5es acerca de </span></span></span></span><span><span><span><span>execu\u00e7\u00e3o da adutora e sua interliga\u00e7\u00e3o no reservat\u00f3rio localizado no bairro Residencial Alian\u00e7a, com o localizado na rua Manoel Jos\u00e9 Pires, na qual foi realizada na extens\u00e3o das ruas Toledo Pizza e Rua Ribeiro de Barros</span></span></span></span><span><span><span><span>: </span></span></span></span><span><span><span>qual o motivo de n\u00e3o ter sido realizado o acamamento d</span></span></span><span><span><span><span><span>a</span></span></span></span></span><span><span><span> obra ; </span></span></span><span><span><span><span>qual o prazo previsto para a sua finaliza\u00e7\u00e3o.</span></span></span></span></p>\r\n<p align=\"center\"><span><span><span><b>MO\u00c7\u00c3O</b></span></span></span></p>\r\n<p align=\"justify\">\u00a0</p>\r\n<p align=\"justify\"><span><span><span><span><b>Mo\u00e7\u00e3o n\u00famero 051/2021 \u2013 </b></span></span></span><span><span><span><span><b>DIEGO RODRIGUES DE SOUZA: </b></span></span></span></span><span><span><span><span><span>seja registrada na ata dos trabalhos de hoje, MO\u00c7\u00c3O DE CONGRATULA\u00c7\u00d5ES para com o deputado estadual CARLOS C\u00c9ZAR, num gesto de agradecimento pela especial aten\u00e7\u00e3o dispensada com as demandas da comunidade ameriliense. </span></span></span></span></span></span></p>\r\n<p align=\"justify\">\u00a0</p>\r\n<p align=\"justify\"><span><span><span><span><span><b>Mo\u00e7\u00e3o n\u00famero 052/2021 \u2013</b></span></span></span><span><span><span><b> </b></span></span></span><span><span><span><span><b>LEANDRO HENRIQUE MORALLES (Mancha)</b></span></span></span></span><span><span><span><b>:</b></span></span></span><span><span><span><b> </b></span></span></span><span><span><span><span>seja registrado na Ata dos trabalhos de hoje, MO\u00c7\u00c3O DE </span></span></span></span><span><span><span><span><span>AGRADECIMENTO</span></span></span></span></span><span><span><span><span> </span></span></span></span><span><span><span><span><span>\u00e0 Excelent\u00edssima DEPUTADA ESTADUAL PATR\u00cdCIA BEZERRA pelo empenho em contemplar o munic\u00edpio de Am\u00e9rico Brasiliense com recursos financeiros.</span></span></span></span></span></span></span></p>\r\n<p align=\"justify\"><span><span><span><span><span><b>Mo\u00e7\u00e3o n\u00famero 053/2021 \u2013 </b></span></span></span><span><span><span><span><b>JOS\u00c9 ROBERTO DE ANDRADE</b></span></span></span></span><span><span>: </span></span><span><span> seja consignado na ata dos trabalhos de hoje, voto de profundo pesar pelo falecimento da Senhor </span></span><span><span><b>SEVERINO MANOEL DA SILVA, </b></span></span><span><span>ocorrido no \u00faltimo dia 25.</span></span></span></span></p>\r\n<p align=\"justify\"><span><span><span><span><span><b>Mo\u00e7\u00e3o n\u00famero 054/2021 \u2013 </b></span></span></span><span><span><span><span><b> DIEGO RODRIGUES DE SOUZA</b></span></span></span></span><span><span><b>:</b></span></span><span><span><span><span>seja consignado na ata dos trabalhos de hoje, voto de profundo pesar pelo falecimento do Senhor </span></span></span></span><span><span><span><b>GERALDO POLEZZE, </b></span></span></span><span><span><span><span>ocorrido no \u00faltimo dia 03.</span></span></span></span></span></span></p>\r\n<p align=\"justify\"><span><span><span><span><span><b>Mo\u00e7\u00e3o n\u00famero 055/2021 \u2013 </b></span></span></span><span><span><span><span><b> DIEGO RODRIGUES DE SOUZA</b></span></span></span></span><span><span><span><b>: </b></span></span></span><span><span><span><span>seja consignado na ata dos trabalhos de hoje, voto de profundo pesar pelo falecimento do Senhor</span></span></span></span><span><span><span><span><span> ANTONIO CARLOS VIEIRA SOBRINHO</span></span></span></span></span><span><span><span><span>, ocorrido no \u00faltimo dia 02.</span></span></span></span></span></span></p>\r\n<p align=\"justify\">\u00a0</p>\r\n<ul>\r\n<li>\r\n<p align=\"justify\" class=\"western\"><span><span>Para assistir a Sess\u00e3o na \u00edntegra, siga pelo link </span></span><span><span style=\"text-decoration: underline; \"><span><span>https://www.youtube.com/watch?v=sXn-D_-umc0</span></span></span></span></p>\r\n</li>\r\n</ul>\r\n<p align=\"justify\" class=\"western\">\u00a0</p>\r\n<ul>\r\n<li>\r\n<p align=\"justify\" class=\"western\"><span><span>Acompanhe tamb\u00e9m nosso Canal do Youtube - </span></span></p>\r\n</li>\r\n</ul>\r\n<p align=\"justify\" class=\"western\"><span><span style=\"text-decoration: underline; \"><span><span>https://www.youtube.com/channel/UCXkHkbDa_IEDbrqOJT_CgKA</span></span></span></span></p>\r\n<p align=\"justify\" class=\"western\">\u00a0</p>\r\n<p>\u00a0</p>\r\n<p>\u00a0</p>", "author_name": "administrador", "version": "1.0", "author_url": "https://www.camaraamericobrasiliense.sp.gov.br/author/administrador", "provider_name": "C\u00e2mara Municipal", "type": "rich"}