{"provider_url": "https://www.camaraamericobrasiliense.sp.gov.br", "title": "RESUMO SESS\u00c3O DO DIA 08/02", "html": "<p align=\"justify\" style=\"text-align: center; \"><strong>Resumo das proposi\u00e7\u00f5es apresentadas:</strong></p>\r\n<p>\u00a0</p>\r\n<p align=\"center\"><span><span><b>INDICA\u00c7\u00d5ES</b></span></span></p>\r\n<p align=\"center\" style=\"text-align: left; \"><b>Indica\u00e7\u00e3o N\u00famero </b><b>001</b><b>/2021 </b>-<b> </b><b>ALCIDES LUIS DE CARVALHO</b><b> </b>seja oficiado ao Exmo. Sr. Prefeito Municipal, solicitando de S/ Exa. entrar em entendimento com o setor competente, no sentido instalar ilumina\u00e7\u00e3o p\u00fablica no final das Ruas Jo\u00e3o Dosualdo, Jo\u00e3o Pav\u00e3o, Alfonso Nifgro, Zenaide Volpi Abi Jaudi e Carlos Bortolli, localizada no bairro Jardim S\u00e3o Jos\u00e9. .</p>\r\n<p align=\"justify\"><span><span><span><b>Indica\u00e7\u00e3o N\u00famero 002/2021 </b></span></span><span><span>-</span></span><span><span><b> </b></span></span><span><span><b>ALCIDES LUIS DE CARVALHO</b></span></span><span><span><b> </b></span></span><span><span><span>s</span></span></span><span><span><span><span>eja oficiado ao Exmo. Sr. Prefeito Municipal, solicitando de S/ Exa. entrar em entendimento com o setor competente, no sentido de realizar limpeza nas ruas dos bairros Jardim Santa Terezinha e Jardim S\u00e3o Jos\u00e9. INDICO, ainda, que seja colocada placa de denomina\u00e7\u00e3o de vias nos referidos bairros.</span></span></span></span></span></p>\r\n<p align=\"justify\"><span><span><span><b>Indica\u00e7\u00e3o N\u00famero 003/2021 \u2013</b></span></span><span><span> </span></span><span><span><span><span><b>ALDEVAM LIMA ARA\u00daJO</b></span></span></span></span><span><span><b> </b></span></span><span><span><span><span>seja oficiado ao Exmo. Sr. Prefeito Municipal, solicitando de S/ Exa. entrar em entendimento com o setor competente, para que instale pontos de entrega volunt\u00e1ria (conhecido como ecopontos ou bols\u00f5es), para descarte de materiais de constru\u00e7\u00e3o e entulhos em pontos estrat\u00e9gicos de nosso munic\u00edpio.</span></span></span></span></span></p>\r\n<p align=\"justify\"><span><span><span><b>Indica\u00e7\u00e3o N\u00famero 004/2021 </b></span></span><span><span>- </span></span><span><span><span><span><b>ALDEVAM LIMA ARA\u00daJO</b></span></span></span></span><span><span><b> </b></span></span><span><span><span><span>seja oficiado ao Exmo. Sr. Prefeito Municipal, solicitando de S/ Exa. entrar em entendimento com o setor competente, para o nivelamento das grades das galerias situadas na Alameda Aldo Lupo.</span></span></span></span></span></p>\r\n<p align=\"justify\"><span><span><span><b>Indica\u00e7\u00e3o N\u00famero 005/2021 </b></span></span><span><span>- </span></span><span><span><b>ALDEVAM LIMA ARA\u00daJO</b></span></span><span><span><b> </b></span></span><span><span><span><span>seja oficiado ao Exmo. Sr. Prefeito Municipal, solicitando de S/ Exa. entrar em entendimento com o setor competente, para instalar um sem\u00e1foro de pedestres na Alameda Aldo Lupo, mais precisamente na lombofaixa existente para travessia de pedestres do Hospital Estadual at\u00e9 o Restaurante Varandas, pois o mesmo oferece perigo aos pedestres que precisam realizar a travessia.</span></span></span></span></span></p>\r\n<p align=\"justify\"><span><span><span><b>Indica\u00e7\u00e3o N\u00famero 006/2021 \u2013</b></span></span><span><span> </span></span><span><span><span><span><b>DIEGO RODRIGUES DE SOUZA</b></span></span></span></span><span><span><b> </b></span></span><span><span><span>seja</span></span></span><span><span><b> </b></span></span><span><span><span><span>oficiado ao Exmo. Sr. Prefeito Municipal, solicitando de S/ Exa. entrar em entendimento com o setor competente no sentido de construir redutor de velocidade (lombada) na Avenida Araraquara (sentido bairro-centro), mais precisamente defronte ao im\u00f3vel n\u00famero 349, no bairro Jardim Vista Alegre.</span></span></span></span><span><span><span><b> </b></span></span></span><span><span> </span></span></span></p>\r\n<p align=\"justify\"><span><span><span><b>Indica\u00e7\u00e3o N\u00famero </b></span></span><span><span><span><span><b>007</b></span></span></span></span><span><span><b>/2021 \u2013 </b></span></span><span><span><span><span><b>DIEGO RODRIGUES DE SOUZA</b></span></span></span></span><span><span><b> </b></span></span><span><span>\u2013 </span></span><span><span><span>seja oficiado ao Exmo. Sr. Prefeito Municipal, solicitando de S/ Exa. entrar em entendimento com o setor competente no sentido de </span></span></span><span><span><span><b>realizar a obra necess\u00e1ria para escoamento de \u00e1gua pluvial</b></span></span></span><span><span><span> e assim evitar ac\u00famulo de \u00e1gua parada, como atualmente tem ocorrido, </span></span></span><span><span><span><b>na Rua Em\u00edlia Galli</b></span></span></span><span><span><span>, mais precisamente defronte ao im\u00f3vel n\u00famero 260, no Centro. </span></span></span></span></p>\r\n<p align=\"justify\"><span><span><span><b>Indica\u00e7\u00e3o N\u00famero 008/2021 </b></span></span><span><span>- </span></span><span><span><b>JOS\u00c9 M\u00c1RIO SILVA DOS ANJOS</b></span></span><span><span><b> </b></span></span><span><span><span>s</span></span></span><span><span><span><span>eja oficiado ao Exmo. Sr. Prefeito Municipal, solicitando de S/ Exa. entrar em entendimento com o setor competente, no sentido contratar empresa para realizar limpeza nas galerias de esgoto localizados na Avenida Aparecida Onofra de Godoy (Avenida 9) do bairro Jardim Antonio Pavan, na Avenida Rafael Hervias Rodrigues (Avenida 7) e Avenida Isacc Azevedo (Avenida 8) do bairro Jardim Luis Ometto I.</span></span></span></span></span></p>\r\n<p align=\"justify\"><span><span><span><b>Indica\u00e7\u00e3o N\u00famero 009/2021 </b></span></span><span><span>- </span></span><span><span><b>JOS\u00c9 M\u00c1RIO SILVA DOS ANJOS</b></span></span><span><span><b> </b></span></span><span><span><span><span>seja oficiado ao Exmo. Sr. Prefeito Municipal, solicitando de S/ Exa. entrar em entendimento com o setor competente, no sentido de construir redutores de velocidade (lombada) nos seguintes locais: </span></span></span></span><span><span><span>Avenida Sebasti\u00e3o Severino (Avenida 12) do bairro Jardim Antonio Pavan, </span></span></span><span><span><span>Avenida Nestor Fernandes (Avenida 5) no bairro Jardim Luis Ometto I e </span></span></span><span><span><span><span>Avenida Maria Madalena Godoi dos Anjos (Avenida 2) no bairro Jardim Luis Ometto I.</span></span></span></span></span></p>\r\n<p align=\"justify\"><span><span><span><b>Indica\u00e7\u00e3o N\u00famero </b></span></span><span><span><span><span><b>010</b></span></span></span></span><span><span><b>/2021 - </b></span></span><span><span><b>JOS\u00c9 M\u00c1RIO SILVA DOS ANJOS</b></span></span><span><span><b> </b></span></span><span><span><span>seja oficiado ao Exmo. Sr. Prefeito Municipal, solicitando de S/ Exa. entrar em entendimento com o setor competente, no sentido de </span></span></span><span><span><span><span>reformar a pra\u00e7a localizada no bairro Jardim Luis Ometto, com instala\u00e7\u00e3o de parque infantil e/ou academia ao ar livre e lixeira para coleta seletiva. INDICO, ainda, a constru\u00e7\u00e3o de pra\u00e7a no bairro Jardim Antonio Pavan.</span></span></span></span></span></p>\r\n<p align=\"justify\"><span><span><span><b>Indica\u00e7\u00e3o N\u00famero 011/2021 \u2013</b></span></span><span><span> </span></span><span><span><span><span><b>JOS\u00c9 ROBERTO DE ANDRADE </b></span></span></span></span><span><span><span><span><span>seja oficiado ao Exmo. Sr. Prefeito Municipal, solicitando de S/Exa. entrar em entendimento com o setor competente, para executar o rebaixamento da guia para instalar estacionamento na Pra\u00e7a Raphael Feroldi Gutierrez, mais precisamente na Avenida Carlos Zanon, no bairro Jardim Ponte Alta (S\u00e3o Judas). INDICO, ainda, a instala\u00e7\u00e3o de playground e academia ao ar livre no referido local.</span></span></span></span></span><span><span><span> </span></span></span></span></p>\r\n<p align=\"justify\"><span><span><span><b>Indica\u00e7\u00e3o N\u00famero 012/2021 </b></span></span><span><span>\u2013 </span></span><span><span><span><span><b>JOS\u00c9 ROBERTO DE ANDRADE</b></span></span></span></span> <span><span><span>seja oficiado ao Exmo. Sr. Prefeito Municipal, solicitando de S/Exa. entrar em entendimento com o setor competente, no se</span></span></span><span><span><span><span>ntido de verificar a possibilidade de colocar um pronto atendimento onde, atualmente, encontra-se localizada a \"Cozinha Piloto\", com o objetivo de ampliar o espa\u00e7o de atendimento para a popula\u00e7\u00e3o.</span></span></span></span></span></p>\r\n<p align=\"justify\"><span><span><span><b>Indica\u00e7\u00e3o N\u00famero 013/2021 </b></span></span><span><span>\u2013 </span></span><span><span><span><span><b>JOS\u00c9 ROBERTO DE ANDRADE</b></span></span></span></span> <span><span><span>seja oficiado ao Exmo. Sr. Prefeito Municipal, solicitando de S/Exa. entrar em entendimento com o setor competente, par</span></span></span><span><span><span><span>a estudar a possibilidade de tornar as ruas do bairro Jardim Santa bTerezinha em m\u00e3o \u00fanica de dire\u00e7\u00e3o, permitindo estacionamento de apenas um lado da rua, com o intuito de proporcion</span></span></span></span><span><span><span>ar maior seguran\u00e7a \u00e0 popula\u00e7\u00e3o e fluidez ao tr\u00e2nsito local.</span></span></span></span></p>\r\n<p align=\"justify\"><span><span><span><b>Indica\u00e7\u00e3o N\u00famero 014/2021 </b></span></span><span><span>\u2013 </span></span><span><span><b>MAICON RIOS DE SOUZA</b></span></span><span><span><b> </b></span></span><span><span><span><span>seja oficiado ao Exmo. Sr. Prefeito Municipal, solicitando de S/Exa., entrar em entendimento com o setor competente, no sentido de sistematizar o tr\u00e2nsito na Avenida Secondo Della Rovere, localizado no bairro Jardim S\u00e3o Jos\u00e9, de forma que a referida via retorne em m\u00e3o \u00fanica de dire\u00e7\u00e3o como muito bem j\u00e1 funcionava, e/ou ainda com estacionamento em somente um lado da via, evitando assim acidentes e manter o bom fluxo do com\u00e9rcio e afins.</span></span></span></span></span></p>\r\n<p align=\"justify\"><span><span><span><b>Indica\u00e7\u00e3o N\u00famero 015/2021 </b></span></span><span><span>\u2013 </span></span><span><span><span><span><b>VALDEIR BEZERRA DA SILVA</b></span></span></span></span><span><span><b> </b></span></span><span><span><span><span>seja oficiado ao Exmo. Sr. Prefeito Municipal, solicitando de S/ Exa. entrar em entendimento com o setor competente, no sentido de realizar pavimenta\u00e7\u00e3o da cal\u00e7ada situada ao lado do muro do Recinto de Eventos \u201cBas\u00edlio Quadrado\u201d, na Avenida Guimar\u00e3es Pinheiro de Freitas, no bairro Jardim Luis Ometto II.</span></span></span></span></span>\u00a0</p>\r\n<p align=\"justify\"><span><span><span><span><span><b>Indica\u00e7\u00e3o</b></span></span></span></span><span><span><b> N\u00famero 016/2021 \u2013 </b></span></span><span><span><span><span><b>VALDEIR BEZERRA DA SILVA</b></span></span></span></span><span><span><b> </b></span></span><span><span><span>seja oficiado ao Exmo. Sr. Prefeito Municipal, solicitando de S/Exa., entrar em entendimento com </span></span></span><span><span><span><span>o setor competente, no sentido de estudar a possibilidade de fazer estacionamento em 45\u00b0 (quarenta e cinco graus) na </span></span></span></span><span><span><span><span><span>Avenida Am\u00e9lia Frigeri Manzini</span></span></span></span></span><span><span><span><span>. INDICO ainda, a constru\u00e7\u00e3o de um redutor de velocidade na Rua Am\u00e9lia Frigeri Manzini, defronte a Igreja Evang\u00e9lica Assembleia de Deus \u2013 Minist\u00e9rio Bel\u00e9m.</span></span></span></span></span></p>\r\n<p align=\"justify\"><span><span><span><span><span><b>Indica\u00e7\u00e3o</b></span></span></span></span><span><span><b> N\u00famero 017/2021 </b></span></span><span><span>-</span></span><span><span><b> </b></span></span><span><span><span><span><b>VALDEIR BEZERRA DA SILVA</b></span></span></span></span><span><span><b> </b></span></span><span><span><span><span>seja oficiado ao Exmo. Sr. Prefeito Municipal, solicitando de S/Exa., entrar em entendimento com o setor competente, solicitando do mesmo a possibilidade de construir redutor de velocidade (lombada) na Rua Santo Ant\u00f4nio, sentido duplo, mais precisamente defronte ao posto de combust\u00edvel. </span></span></span></span></span></p>\r\n<p align=\"justify\"><span><span><span><span><span><b>Indica\u00e7\u00e3o</b></span></span></span></span><span><span><span><b> N\u00famero 018/2021 </b></span></span></span><span><span><span><span>\u2013</span></span></span></span><span><span><span><b> </b></span></span></span><span><span><span><span><b>LEANDRO HENRIQUE MORALLES</b></span></span></span></span><span><span><span><b> </b></span></span></span><span><span><span><span>seja oficiado ao Exmo. Sr. Prefeito Municipal, solicitando de S/Exa., entrar em entendimento com o setor competente, solicitando do mesmo a possibilidade de construir redutor de velocidade (lombada) na Avenida Pedro Barreira, na altura do im\u00f3vel n\u00famero 211, no bairro Jardim Residencial Alian\u00e7a.</span></span></span></span></span></p>\r\n<p align=\"justify\"><span><span><span><span><span><b>Indica\u00e7\u00e3o</b></span></span></span></span><span><span><span><b> N\u00famero 019/2021 </b></span></span></span><span><span><span><span>\u2013</span></span></span></span><span><span><span><b> </b></span></span></span><span><span><span><span><b>LEANDRO HENRIQUE MORALLES</b></span></span></span></span><span><span><span><b> </b></span></span></span><span><span><span><span>seja oficiado ao Exmo. Sr. Prefeito Municipal, solicitando de S/Exa., entrar em entendimento com o setor competente, para que disponha de vagas de estacionamento para idosos e deficientes na Avenida Joaquim Afonso da Costa, dos dois lados da via, com sinaliza\u00e7\u00e3o horizontal e vertical, tornando pass\u00edvel de multas a quem fizer o uso indevido das vagas.</span></span></span></span></span></p>\r\n<p align=\"center\"><span><span><span><span><b>REQUERIMENTOS</b></span></span></span></span></p>\r\n<p align=\"justify\" class=\"western\"><span><span><b>Requerimento N\u00famero 001/2021 </b></span></span><span><span>-</span></span><span><span><b> </b></span></span><span><span><b>ALCIDES LUIS DE CARVALHO</b></span></span><span><span><b> </b></span></span><span><span><span><span>seja oficiado ao Exmo. Sr. DIRCEU BR\u00c1S PANO, DD. Prefeito Municipal, solicitando de S/Exa. informar a esta Casa de Leis, o motivo da paralisa\u00e7\u00e3o do reservat\u00f3rio de \u00e1gua com capacidade de 1 milh\u00e3o de litros, no bairro Jardim Santa Terezinha, visto que a ordem de servi\u00e7o para reparo do local foi enviada em janeiro de 2020.</span></span></span></span></p>\r\n<p align=\"justify\" class=\"western\"><a name=\"__DdeLink__778_1136434441\"></a> <span><span><b>Requerimento N\u00famero 002/2021 \u2013 </b></span></span><span><span><span><span><b>ALDEVAM LIMA ARA\u00daJO</b></span></span></span></span><span><span><span><b> </b></span></span></span><span><span><span><span>seja oficiado ao Exmo. Sr. MARCOS DAM\u00c1SIO, DD. Deputado Estadual, solicitando de S/Exa., envidar esfor\u00e7os em contemplar o munic\u00edpio de Am\u00e9rico Brasiliense com recursos financeiros, por meio de emenda parlamentar, destinado \u00e0 infraestrutura de nosso munic\u00edpio, para pavimenta\u00e7\u00e3o asf\u00e1ltica do 4\u00b0 Distrito Industrial.</span></span></span></span></p>\r\n<p align=\"justify\"><span><span><span><b>Requerimento N\u00famero 003/2021 </b></span></span><span><span>-</span></span><span><span><b> </b></span></span><span><span><span><span><b>ALDEVAM LIMA ARA\u00daJO</b></span></span></span></span><span><span><b> </b></span></span><span><span><span>seja oficiado ao Exmo. Sr. LUIZ CARLOS MOTTA, DD. Deputado Federal, solicitando de S/Exa., envidar esfor\u00e7os em contemplar o munic\u00edpio de Am\u00e9rico Brasiliense com recursos financeiros, por meio de emenda parlamentar, destinado \u00e0 constru\u00e7\u00e3o de um reservat\u00f3rio de \u00e1gua no bairro Jardim S\u00e3o Jos\u00e9.</span></span></span></span></p>\r\n<p align=\"justify\" class=\"western\"><span><span><b>Requerimento N\u00famero 004/2021 - </b></span></span><span><span><span><span><b>ALDEVAM LIMA ARA\u00daJO</b></span></span></span></span><span><span><b> </b></span></span><span><span><span>seja oficiado ao Exmo. Sr. MIGUEL LOMBARDI, DD. Deputado Federal, solicitando de S/Exa., envidar esfor\u00e7os em contemplar o munic\u00edpio de Am\u00e9rico Brasiliense com recursos financeiros, por meio de emenda parlamentar, destinado \u00e0 reforma da cobertura do Hospital Municipal \u201cDoutor Jos\u00e9 Nigro Neto\u201d.</span></span></span></p>\r\n<p align=\"justify\"><span><span><span><b>Requerimento N\u00famero 005/2021 \u2013</b></span></span><span><span> </span></span><span><span><span><span><b>DIEGO RODRIGUES DE SOUZA</b></span></span></span></span><span><span><b> </b></span></span><span><span><span>seja oficiado </span></span></span><span><span><span>ao Exmo. Sr. DIRCEU BR\u00c1S PANO, DD. Prefeito Municipal, solicitando de S/Exa. o que segue referente \u00e0 contrata\u00e7\u00e3o de empresa de seguran\u00e7a para o armazenamento das vacinas imunizantes \u00e0 Covid-19: 1) </span></span></span><span><span><span>C\u00f3pias dos or\u00e7amentos recebidos; e 2) </span></span></span><span><span><span>C\u00f3pia do contrato firmado entre a Prefeitura Municipal e a empresa contratada.</span></span></span></span></p>\r\n<p align=\"justify\"><span><span><span><b>Requerimento N\u00famero 006/2021 </b></span></span><span><span>-</span></span><span><span> </span></span><span><span><span><span><b>DIEGO RODRIGUES DE SOUZA</b></span></span></span></span><span><span><b> </b></span></span><span><span><span>seja oficiado ao Exmo. Sr. </span></span></span><span><span><b>DIRCEU BR\u00c1S PANO</b></span></span><span><span><span>, DD. Prefeito Municipal, solicitando de S/Exa. informar se foram iniciados os processos de elabora\u00e7\u00e3o de todas as pe\u00e7as t\u00e9cnicas exigidas pela concession\u00e1ria Rumo S.A. visando a abertura de nova passagem em n\u00edvel com a via f\u00e9rrea no trecho ferrovi\u00e1rio localizado no per\u00edmetro urbano de Am\u00e9rico Brasiliense, mais precisamente visando interligar o bairro Luis Ometto \u00e0 Estrada Municipal AMB-060 (acesso ao bairro Jardim Planalto). Em caso positivo, informar qual o prazo previsto para a conclus\u00e3o e a devida apresenta\u00e7\u00e3o de tais pe\u00e7as junto \u00e0 concession\u00e1ria. Em caso negativo, informar por qual raz\u00e3o as mesmas n\u00e3o est\u00e3o em fase de elabora\u00e7\u00e3o.</span></span></span></span></p>\r\n<p align=\"justify\"><span><span><span><b>Requerimento N\u00famero 007/2021 \u2013 </b></span></span><span><span><span><span><b>JOS\u00c9 ROBERTO DE ANDRADE</b></span></span></span></span><span><span><b> </b></span></span><span><span><span>seja oficiado ao Ilmo. Sr. MARCO VINHOLI, DD. Secret\u00e1rio do Desenvolvimento Regional Estadual e ao Ilmo. Sr. </span></span></span><strong><span><span><span>JEAN CARLO GORINCHTEYN, DD. Secret\u00e1rio da Sa\u00fade Estadual, solicitando de Vossas Senhorias, para realizar parceria p\u00fablico-privada, para atrair investimentos para que as instala\u00e7\u00f5es da </span></span></span></strong><span><span><span>Funda\u00e7\u00e3o para Rem\u00e9dio Popular \u201cChopin Tavares de Lima\u201d - FURP,</span></span></span><strong><span><span><span> tenha possibilidade de receber outra empresa, de forma a gerar empregos para nosso munic\u00edpio.</span></span></span></strong></span></p>\r\n<p align=\"justify\" class=\"western\"><span><span><b>Requerimento N\u00famero 008/2021 \u2013 </b></span></span><span><span><span><span><b>JOS\u00c9 ROBERTO DE ANDRADE</b></span></span></span></span><span><span><b> </b></span></span><span><span><span>seja oficiado ao Exmo. Sr. DIRCEU BR\u00c1S PANO, DD. Prefeito Municipal, solicitando de S/Exa informar o que segue</span></span></span><strong><span><span><span>: 1) </span></span></span></strong><strong><span><span>Qual a possibilidade de informar, de prefer\u00eancia em di\u00e1rio oficial, a lista de pessoas vacinadas com a 1\u00aa dose da vacina imunizante, \u00e0 medida que </span></span></strong><span><span>os grupos priorit\u00e1rios da popula\u00e7\u00e3o forem sendo vacinados? 2) Qual o cronograma e o plano municipal de log\u00edstica para a vacina\u00e7\u00e3o da popula\u00e7\u00e3o em Am\u00e9rico Brasiliense? Qual a possibilidade de que tal planejamento e cronograma sejam publicizados nos canais oficiais da Prefeitura Municipal? 3) </span></span><span><span><span><span>Apresentar as notas fiscais que comprovam os valores empregados ao longo de 2020 no combate ao COVID-19, especialmente os recursos decorrentes de transfer\u00eancias federais. </span></span></span></span></p>\r\n<p align=\"justify\" class=\"western\"><span><span><b>Requerimento N\u00famero 009/2021 \u2013</b></span></span><span><span> </span></span><span><span><span><span><b>MAICON RIOS DE SOUZA</b></span></span></span></span><span><span><span><b> </b></span></span></span><strong><span><span><span><span>seja oficiado ao Exmo. Sr. </span></span></span></span></strong><strong><span><span><span>DIRCEU BR\u00c1S PANO</span></span></span></strong><strong><span><span><span><span>, DD. Prefeito Municipal, solicitando de S/Exa. informar acerca dos atrasos de pagamento do vale-alimenta\u00e7\u00e3o dos servidores municipais, haja visto o constante atraso e oscila\u00e7\u00e3o no referido pagamento</span></span></span></span></strong><span><span><span><b>. </b></span></span></span><span><span><span><span>REQUEIRO ainda, informa\u00e7\u00f5es da exist\u00eancia de um estudo para amenizar e/ou sanar a referida problem\u00e1tica.</span></span></span></span></p>\r\n<p align=\"justify\" class=\"western\"><span><span><b>Requerimento N\u00famero 010/2021 \u2013</b></span></span><span><span> </span></span><span><span><span><span><b>VALDEIR BEZERRA DA SILVA</b></span></span></span></span><span><span><span><b> </b></span></span></span><span><span><span><span>seja oficiado ao Exmo. Sr. DIRCEU BR\u00c1S PANO, DD. Prefeito Municipal, solicitando do mesmo que entre em entendimento com o setor competente, no sentido de informar a esta Casa de Leis, se h\u00e1 projeto para pavimenta\u00e7\u00e3o da Avenida \u00c1lvaro Guimar\u00e3es e tamb\u00e9m de outros trechos situados no bairro Jardim Nossa Senhora das Gra\u00e7as.</span></span></span></span></p>\r\n<p align=\"justify\"><span><span><span><b>Requerimento N\u00famero 011/2021 \u2013 </b></span></span><span><span><span><span><b>VALDEIR BEZERRA DA SILVA</b></span></span></span></span><span><span><b> </b></span></span><span><span><span><span>seja oficiado \u00e0 Ag\u00eancia Banco do Brasil, solicitando da mesma, a possibilidade de instalar cobertura (toldo) na cal\u00e7ada da referida ag\u00eancia, onde os clientes aguardam por atendimento. </span></span></span></span><span><span><span><span>REQUEIRO ainda, que seja proporcionado assentos do lado externo da ag\u00eancia, para os correntistas que precisam esperar atendimento.</span></span></span></span></span></p>\r\n<p align=\"justify\"><span><span><span><b>Requerimento N\u00famero 012/2021</b></span></span><span><span>-</span></span><span><span> </span></span><span><span><span><span><b>LEANDRO HENRIQUE MORALLES</b></span></span></span></span><span><span><b> </b></span></span><strong><span><span><span><span>seja oficiado ao Exmo. Sr. DIRCEU BR\u00c1S PANO, DD. Prefeito Municipal, solicitando de S/Exa. informar se h\u00e1 algum estudo de viabilidade para tornar mais acess\u00edvel a</span></span></span></span></strong><span><span><span><span> participa\u00e7\u00e3o de vendedores ambulantes e demais empreendedores na Feira do Empreendedor, realizada aos domingos na Pra\u00e7a \u201cPedro de Toledo\u201d, seja ele isentando ou diminuindo o valor das taxas cobradas atualmente.</span></span></span></span></span></p>\r\n<p align=\"center\"><span><span><span><span><span><b>MO\u00c7\u00d5ES</b></span></span></span></span></span></p>\r\n<p align=\"justify\"><span><span><span><span><span><b>Mo\u00e7\u00e3o N\u00famero 001/2021</b></span></span></span></span><span><span><span><span><span>-</span></span></span></span></span><span><span><span><span><span> </span></span></span></span></span><span><span><span><span><b>DIEGO RODRIGUES DE SOUZA</b></span></span></span></span><span><span><span><span><b> </b></span></span></span></span><strong><span><span><span><span><span>seja</span></span></span></span></span></strong><span><span><span><span><span> consignado na ata dos trabalhos de hoje, voto de profundo pesar pelo falecimento da Senhora </span></span></span></span></span><span><span><span><span><span>MARIA LUIZA MARCANDALLI BARATA, ocorrido no dia 25/12.</span></span></span></span></span></span></p>\r\n<p align=\"justify\"><span><span><span><span><span><b>Mo\u00e7\u00e3o N\u00famero 002/2021</b></span></span></span></span><span><span><span><span><span>-</span></span></span></span></span><span><span><span><span><span> </span></span></span></span></span><span><span><span><span><b>DIEGO RODRIGUES DE SOUZA </b></span></span></span></span><span><span><span><span><b> </b></span></span></span></span><span><span><span><span><span>seja consignado na ata dos trabalhos de hoje, voto de profundo pesar pelo falecimento do Senhor RICARDO SIM\u00d5ES, ocorrido no \u00faltimo dia 17.</span></span></span></span></span></span></p>\r\n<p align=\"justify\"><span><span><span><span><span><b>Mo\u00e7\u00e3o N\u00famero 003/2021</b></span></span></span></span><span><span><span><span><span>-</span></span></span></span></span><span><span><span><span><span> </span></span></span></span></span><span><span><span><span><b>ROBERTO RODRIGUES JOB </b></span></span></span></span><span><span><span><span><b> </b></span></span></span></span><span><span><span><span><span>seja consignado na ata dos trabalhos de hoje, voto de profundo pesar pelo falecimento do Senhor ATHENODORO CARNEIRO RIOS, ocorrido no \u00faltimo dia 22.</span></span></span></span></span></span></p>\r\n<p align=\"justify\"><span><span><span><span><span><b>Mo\u00e7\u00e3o N\u00famero 004/2021</b></span></span></span></span><span><span><span><span><span>-</span></span></span></span></span><span><span><span><span><span> </span></span></span></span></span><span><span><span><span><b>DIEGO RODRIGUES DE SOUZA</b></span></span></span></span><span><span><span><span><b> </b></span></span></span></span><span><span><span><span><span>seja consignado na ata dos trabalhos de hoje, voto de profundo pesar pelo falecimento do Senhor MEN\u00c9ZIO SOUZA MEIRELES, ocorrido no \u00faltimo dia 03.</span></span></span></span></span></span></p>\r\n<p align=\"justify\">\u00a0</p>\r\n<p align=\"center\"><span><span><span><b>Mat\u00e9rias constantes da Ordem do Dia</b></span></span></span></p>\r\n<p align=\"justify\">\u00a0</p>\r\n<p align=\"justify\" class=\"western\"><strong><span><span><span><span>Of\u00edcio n\u00ba 038/2021, </span></span></span></span></strong><strong><span><span><span><span><span>de autoria do Podr Executivo, que solicita a retirada do Projeto de Lei Complementar n\u00ba 001/2021, que </span></span></span></span></span></strong><strong><span><span><span><span><span>\u201cAltera a Lei Complementar n\u00b0 224, de 29 de maio </span></span></span></span></span></strong><strong><span><span><span><span><span>de 2020 e d\u00e1 outras provid\u00eancias\u201d.</span></span></span></span></span></strong><strong><span><span><span><span><span> \u2013 </span></span></span></span></span></strong><strong><span><span><span><span><b>REJEITADO</b></span></span></span></span></strong></p>\r\n<p align=\"justify\" class=\"western\">\u00a0</p>\r\n<p align=\"justify\"><span><span><span><b>Requerimento de Urg\u00eancia Especial n\u00b0 001/2021</b></span></span><span><span>, de autoria dos vereadores </span></span><span><span><span><span>Jos\u00e9 Roberto de Andrade e outros</span></span></span></span><span><span>, que inclui na Ordem do Dia o Projeto de Lei n\u00ba 005/2021, de autoria do Poder Executivo, que \u201cDisp\u00f5e sobre a abertura de cr\u00e9ditos adicionais </span></span><span><span>especiais e d\u00e1 outras provid\u00eancias\u201d.</span></span><span><span> </span></span><span><span>\u2013 </span></span><strong><span><span>APROVADO </span></span></strong></span></p>\r\n<p align=\"justify\">\u00a0</p>\r\n<p align=\"justify\" class=\"western\"><strong><span><span>Projeto de Lei n\u00b0 005/2021,</span></span></strong><span><span>\u00a0</span></span><span><span>de autoria do Poder Executivo, que \u201cDisp\u00f5e sobre a abertura de cr\u00e9ditos adicionais especiais e d\u00e1 outras provid\u00eancias\u201d. \u2013 </span></span><span><span><b>APROVADO</b></span></span></p>\r\n<p align=\"justify\" class=\"western\">\u00a0</p>\r\n<p align=\"justify\">\u00a0</p>\r\n<p align=\"justify\">\u00a0</p>\r\n<ul>\r\n<li>\r\n<p align=\"justify\" class=\"western\"><span><span>Para assistir a sess\u00e3o na \u00edntegra, siga pelo link https://www.youtube.com/watch?v=VIfffBJPcSE</span></span></p>\r\n</li>\r\n<li>\r\n<p align=\"justify\" class=\"western\"><span><span>Acompanhe tamb\u00e9m nosso Canal do Youtube - </span></span><span><a href=\"https://www.youtube.com/channel/UCXkHkbDa_IEDbrqOJT_CgKA\" target=\"_blank\"><span><span><span><span>https://www.youtube.com/channel/UCXkHkbDa_IEDbrqOJT_CgKA</span></span></span></span></a></span><span><span><span>\u00a0</span></span></span></p>\r\n</li>\r\n</ul>\r\n<p align=\"justify\" class=\"western\">\u00a0</p>", "author_name": "administrador", "version": "1.0", "author_url": "https://www.camaraamericobrasiliense.sp.gov.br/author/administrador", "provider_name": "C\u00e2mara Municipal", "type": "rich"}