{"provider_url": "https://www.camaraamericobrasiliense.sp.gov.br", "title": "RESUMO SESS\u00c3O DO DIA 15/03", "html": "<p style=\"text-align: center; \"><strong>Resumo das proposi\u00e7\u00f5es apresentadas:</strong></p>\r\n<p>\u00a0</p>\r\n<p align=\"center\"><span><span><b>INDICA\u00c7\u00d5ES</b></span></span></p>\r\n<p align=\"justify\"><a name=\"_Hlk52271530\"></a><a name=\"_Hlk43209274\"></a> <span><span><span><b>Indica\u00e7\u00e3o N\u00famero </b></span></span><span><span><span><span><b>048</b></span></span></span></span><span><span><b>/2021 </b></span></span><span><span>-</span></span><span><span><b> </b></span></span><span><span><b>ALCIDES LUIS DE CARVALHO</b></span></span><span><span><b> </b></span></span><span><span><span><span> seja oficiado ao Exmo. Sr. Prefeito Municipal, solicitando de S/ Exa. entrar em entendimento com o</span></span></span></span><span><span><span><span> setor competente no sentido de </span></span></span></span><span><span><span><b>realizar a poda de \u00e1rvores na Alameda Central - Alberto Jos\u00e9 Eloy Macedo Rolo</b></span></span></span><span><span><span><span>.</span></span></span></span></span></p>\r\n<p align=\"justify\"><span><span><span><b>Indica\u00e7\u00e3o N\u00famero 04</b></span></span><span><span><span><span><b>9</b></span></span></span></span><span><span><b>/2021 </b></span></span><span><span>-</span></span><span><span><b> </b></span></span><span><span><b>ALCIDES LUIS DE CARVALHO</b></span></span><span><span><b> </b></span></span><span><span><span><span><span>seja oficiado ao Exmo. Sr. Prefeito Municipal, solicitando de S/ Exa. entrar em entendimento com o setor competente</span></span></span></span></span><span><span><span><span><span> e realizar </span></span></span></span></span><span><span><span><b><span>a limpeza de mato e o cal\u00e7amento em toda extens\u00e3o na Rua Manoel Borba, </span></b></span></span></span><span><span><span><span><span>para passagem de pedestres ao lado da linha f\u00e9rrea.</span></span></span></span></span></span></p>\r\n<p align=\"justify\"><a name=\"_Hlk426938743\"></a> <span><span><span><span><b><span>Indica\u00e7\u00e3o N\u00famero </span></b></span></span></span><span><span><span><span><b><span>050</span></b></span></span></span></span><span><span><span><b><span>/2021 \u2013</span></b></span></span></span><span><span><span><b><span> </span></b></span></span></span><span><span><span><b><span>ALDEVAM LIMA ARA\u00daJO </span></b></span></span></span><span><span><span><span><span>seja oficiado ao Exmo. Sr. Prefeito Municipal, solicitando de S/ Exa. entrar em entendimento com o setor competente, no sentido </span></span></span></span></span><span><span><span><b><span>realizar limpeza das galerias de \u00e1guas pluviais, localizados na Rua Achille Bortolo (Rua 9), do bairro Jardim Maria Luiza,</span></b></span></span></span><span><span><span><span><span> a fim de mitigar o transtorno causado pelo entupimento das mesmas aos moradores do local.</span></span></span></span></span></span></p>\r\n<p align=\"justify\"><a name=\"_Hlk4269387431\"></a> <span><span><span><b>Indica\u00e7\u00e3o N\u00famero </b></span></span><span><span><span><span><b>051</b></span></span></span></span><span><span><b>/2021 - </b></span></span><span><span><span><span><b><span>ALDEVAM LIMA ARA\u00daJO </span></b></span></span></span></span><span><span><span><span>seja oficiado ao Exmo. Sr. Prefeito Municipal, solicitando de S/ Exa. entrar em entendimento com o o</span></span></span></span><span><span><span><span> setor competente no sentido de </span></span></span></span><span><span><span><b>realizar a abertura de guias</b></span></span></span><span><span><span><span> para emendar a rua Jo\u00e3o Joaquim Moreira Filho, ou seja, realizar a liga\u00e7\u00e3o das ruas 23 com rua 2, localizada no bairro Jardim Santa Terezinha.</span></span></span></span></span></p>\r\n<p align=\"justify\"><a name=\"_Hlk42693874311\"></a> <span><span><span><span><b>Indica\u00e7\u00e3o N\u00famero </b></span></span></span><span><span><span><span><b>052</b></span></span></span></span><span><span><span><b>/2021 \u2013</b></span></span></span><span><span><span><span><b><span>ALDEVAM LIMA ARA\u00daJO </span></b></span></span></span></span><span><span><span>seja oficiado ao Exmo. Sr. Prefeito Municipal, solicitando de S/ Exa. entrar em entendimento com o setor competente, e verificar a possibilidade de </span></span></span><span><span><span><b>asfaltar o trecho da Rua Jo\u00e3o Pav\u00e3o</b></span></span></span><span><span><span>, localizada no bairro Jardim S\u00e3o Jos\u00e9, mais aproximadamente na altura do n\u00famero 477, visto que os moradores reclamam de pagar impostos e n\u00e3o ter asfalto em frente \u00e0s suas resid\u00eancias.</span></span></span></span></p>\r\n<p align=\"justify\"><span><span><span><b>Indica\u00e7\u00e3o N\u00famero </b></span></span><span><span><span><span><b>053</b></span></span></span></span><span><span><b>/2021 \u2013 </b></span></span><span><span><b> JOS\u00c9 M\u00c1RIO SILVA DOS ANJOS </b></span></span><span><span><span><span>seja oficiado ao Exmo. Sr. Prefeito Municipal, solicitando de S/ Exa. entrar em</span></span></span></span><span><span><span><b> </b></span></span></span><span><span><span><span>entendimento</span></span></span></span><span><span><span><b> </b></span></span></span><span><span><span><span>com o setor competente, no sentido de</span></span></span></span><span><span><span><b> </b></span></span></span><span><span><span><b>colocar ilumina\u00e7\u00e3o, construir playground para crian\u00e7as, academia ao ar livre e ainda, construir uma passagem asfaltada para os pedestres,</b></span></span></span><span><span><span><b> </b></span></span></span><span><span><span><span>no antigo viveiro de mudas, situado pr\u00f3ximo ao Recinto de Eventos \u201cBas\u00edlio Quadrado\u201d e ainda, que seja realizada a manuten\u00e7\u00e3o e preserva\u00e7\u00e3o da nascente existente no referido local.</span></span></span></span></span></p>\r\n<p align=\"justify\"><span><span><span><b>Indica\u00e7\u00e3o N\u00famero 0</b></span></span><span><span><span><span><b>54</b></span></span></span></span><span><span><b>/2021 \u2013</b></span></span><span><span> </span></span><span><span><b>LEANDRO HENRIQUE MORALLES </b></span></span><span><span><span><span><span>seja oficiado ao Exmo. Sr. Prefeito Municipal, solicitando de S/ Exa. entrar em entendimento com o setor competente, no sentido de </span></span></span></span></span><span><span><span><span><b>realizar a limpeza do mato alto do terreno localizado ao lado da E. E. \u201cDr. Alberto Alves Rollo</b></span></span></span></span><span><span><span><span><span>\u201d.</span></span></span></span></span></span></p>\r\n<p align=\"justify\"><span><span><span><b>Indica\u00e7\u00e3o N\u00famero 0</b></span></span><span><span><span><span><b>55</b></span></span></span></span><span><span><b>/2021 </b></span></span><span><span>\u2013 </span></span><span><span><span><span><b> LEANDRO HENRIQUE MORALLES </b></span></span></span></span><span><span><span><span>seja oficiado ao Exmo. Sr. Prefeito Municipal, solicitando de S/ Exa. entrar em entendimento com o setor competente, no sentido de </span></span></span></span><span><span><span><b>realizar a limpeza de toda a extens\u00e3o da rua Jos\u00e9 Nigro</b></span></span></span><span><span><span><span>.</span></span></span></span></span></p>\r\n<p align=\"justify\"><a name=\"_Hlk522715301\"></a> <span><span><span><b>Indica\u00e7\u00e3o N\u00famero </b></span></span><span><span><span><span><b>056</b></span></span></span></span><span><span><b>/2021 </b></span></span><span><span><span><span><b>LEANDRO HENRIQUE MORALLES </b></span></span></span></span><span><span><span><span>seja oficiado ao Exmo. Sr. Prefeito Municipal, solicitando de S/ Exa. entrar em entendimento com o setor competente, no sentido de </span></span></span></span><span><span><span><b>reparar a valeta existente na conflu\u00eancia da Rua Martimiano de Oliveira com a Princesa Isabel (onde houve a retirada do sem\u00e1foro), </b></span></span></span><span><span><span><span>visto que est\u00e1 tendo po\u00e7a de \u00e1guas, causando inc\u00f4modos aos pedestres.</span></span></span></span></span></p>\r\n<p align=\"justify\"><a name=\"_Hlk4269387411\"></a> <span><span><span><b>Indica\u00e7\u00e3o N\u00famero 057/2021 </b></span></span><span><span>-</span></span><span><span><b> MAICON RIOS DE SOUZA </b></span></span><span><span><span><span>seja oficiado ao Exmo. Sr. Prefeito Municipal, solicitando de S/ Exa. entrar em entendimento com o setor competente</span></span></span></span><span><span><span><span>, e verificar a possibilidade de </span></span></span></span><span><span><span><b>tornar m\u00e3o \u00fanica as vias do bairro Jardim Santa Terezinha </b></span></span></span><span><span><span><span>e ainda, </span></span></span></span><span><span><span><span><span>que seja realizada a abertura do canteiro central para melhor andamento das vias, bem como a qualidade no tr\u00e2nsito local.</span></span></span></span></span></span></p>\r\n<p align=\"justify\"><span><span><span><span><b><span>Indica\u00e7\u00e3o N\u00famero </span></b></span></span></span><span><span><span><span><b><span>058</span></b></span></span></span></span><span><span><span><b><span>/2021 \u2013</span></b></span></span></span><span><span><span><b><span> </span></b></span></span></span><span><span><span><span><b><span>MARLY LUZIA HELD PAV\u00c3O</span></b></span></span></span></span><span><span><span><b><span> </span></b></span></span></span><span><span><span><span><span> </span></span></span></span></span><span><span><span><span><span> </span></span></span></span></span><span><span><span><span><span> seja oficiado ao Exmo. Sr. Prefeito Municipal, </span></span></span></span></span><span><span><span><span><span>solicitando de S/ Exa. entrar em entendimento com o setor competente para que seja</span></span></span></span></span><span><span><span><span><span> </span></span></span></span></span><span><span><span><b><span>constru\u00eddo um</span></b></span></span></span><span><span><span><span><span> </span></span></span></span></span><span><span><span><b><span>redutor de velocidade (lombada) na Avenida Am\u00e9lia Colombo Dias</span></b></span></span></span><span><span><span><span><span>, antes da Rua Nicolau Carneiro Le\u00e3o.</span></span></span></span></span></span></p>\r\n<p align=\"justify\"><span><span><span><b>Indica\u00e7\u00e3o N\u00famero </b></span></span><span><span><span><span><b>059</b></span></span></span></span><span><span><b>/2021 - </b></span></span><span><span><span><b><span> </span></b></span></span></span><span><span><span><span><b><span>MARLY LUZIA HELD PAV\u00c3O</span></b></span></span></span></span><span><span><span><span><b><span> </span></b></span></span></span></span><span><span><b> </b></span></span><span><span><span><span>seja oficiado ao Exmo. Sr. Prefeito Municipal, </span></span></span></span><span><span><span><span>solicitando de S/ Exa. entrar em entendimento com o setor competente </span></span></span></span><span><span><span><span>para que </span></span></span></span><span><span><span><b>realize a </b></span></span></span><span><span><span><b>troca das atuais l\u00e2mpadas por l\u00e2mpadas de LED em toda extens\u00e3o da rede p\u00fablica do Bairro Jardim Ponte Alta - \u201cS\u00e3o Judas Tadeu\u201d.</b></span></span></span></span></p>\r\n<p align=\"justify\"><span><span><span><span><b>Indica\u00e7\u00e3o N\u00famero </b></span></span></span><span><span><span><span><b>060</b></span></span></span></span><span><span><span><b>/2021 \u2013 </b></span></span></span><span><span><span><span><b><span>MARLY LUZIA HELD PAV\u00c3O</span></b></span></span></span></span><span><span><span><b> </b></span></span></span><span><span><span> </span></span></span><span><span><span>seja oficiado ao Exmo. Sr. Prefeito Municipal, </span></span></span><span><span><span>solicitando de S/ Exa. entrar em entendimento com o setor competente </span></span></span><span><span><span>para que </span></span></span><span><span><span><b>realize a </b></span></span></span><span><span><span><b>troca das atuais l\u00e2mpadas por l\u00e2mpadas de LED em toda extens\u00e3o da rede p\u00fablica do Bairro Jardim S\u00e3o Jos\u00e9.</b></span></span></span></span></p>\r\n<p align=\"justify\"><span><span><span><b>Indica\u00e7\u00e3o N\u00famero </b></span></span><span><span><span><span><b>061</b></span></span></span></span><span><span><b>/2021 \u2013 </b></span></span><span><span><b>V</b></span></span><span><span><span><span><b>ALDEIR BEZERRA DA SILVA </b></span></span></span></span><span><span><span>seja oficiado ao Exmo. Sr. Prefeito Municipal, solicitando de S/Exa., entrar em entendimento com o setor competente, solicitando do mesmo a possibilidade de </span></span></span><span><span><b>construir redutor de velocidade (lombada) defronte a Igreja Assembleia de Deus</b></span></span><span><span><span>, localizada na Avenida Secondo Della Rovero, n\u00famero 786, do bairro Jardim S\u00e3o Jos\u00e9.</span></span></span></span></p>\r\n<p align=\"justify\"><span><span><span><b>Indica\u00e7\u00e3o N\u00famero 0</b></span></span><span><span><span><span><b>62 </b></span></span></span></span><span><span><b>/2021 \u2013</b></span></span><span><span> </span></span><span><span><b> V</b></span></span><span><span><span><span><b>ALDEIR BEZERRA DA SILVA </b></span></span></span></span><span><span><span><span><span>seja oficiado ao Exmo. Sr. Prefeito Municipal, solicitando de S/Exa., entrar em entendimento com o setor competente, no sentido de</span></span></span></span></span><span><span><span><span><b> realizar a poda das \u00e1rvores, </b></span></span></span></span><span><span><span><span><span>localizada na rua Manoel Borba, altura do im\u00f3vel n\u00famero 13, em frente ao bar existente no local.</span></span></span></span></span></span></p>\r\n<p align=\"justify\"><span><span><span><span><b>Indica\u00e7\u00e3o N\u00famero 0</b></span></span></span><span><span><span><span><b>63</b></span></span></span></span><span><span><span><b>/2021 </b></span></span></span><span><span><span><b>\u2013 </b></span></span></span><span><span><span><span><b>ROBERTO RODRIGUES JOB </b></span></span></span></span><span><span><span><span><span>seja oficiado ao Exmo. Sr. Prefeito Municipal, solicitando de S/ Exa. entrar em entendimento com o </span></span></span></span></span><span><span><span><span><span>setor competente no sentido de </span></span></span></span></span><span><span><span><span><b>verificar e avaliar se \u00e9 o caso de realizar a poda de tr\u00eas \u00e1rvores existentes na rua Boa Esperan\u00e7a do Sul, defronte ao im\u00f3vel n\u00ba 663 (ou verificar se seria o caso, junto ao \u00f3rg\u00e3o ambiental, de analisar a necessidade de eventual corte das \u00e1rvores)</b></span></span></span></span><span><span><span><span><span>, pois elas est\u00e3o atingindo 15 metros de altura.</span></span></span></span></span></span></p>\r\n<p align=\"center\"><b><br /></b></p>\r\n<p align=\"center\"><b>REQUERIMENTOS</b></p>\r\n<p align=\"justify\" class=\"western\"><a name=\"_Hlk42693874\"></a> <span><span><b>Requerimento N\u00famero 037/2021 </b></span></span><span><span>-</span></span><span><span><b> </b></span></span><span><span><b>ALDEVAM LIMA ARA\u00daJO </b></span></span><span><span><span><span>seja oficiado \u00e0 Exma. Sra. </span></span></span></span><span><span><span><b>POLICIAL</b></span></span></span><span><span><span><span> </span></span></span></span><span><span><span><b>KATIA SASTRE</b></span></span></span><span><span><span><span>, DD. Deputada Federal, solicitando de S/Exa., envidar esfor\u00e7os em contemplar o munic\u00edpio de Am\u00e9rico Brasiliense com recursos financeiros, por meio de emenda parlamentar, destinados ao </span></span></span></span><span><span><span><span>custeio da Sa\u00fade.</span></span></span></span></p>\r\n<p align=\"justify\" class=\"western\"><a name=\"_Hlk426938741\"></a><a name=\"__DdeLink__213_3988437908\"></a> <span><span><b>Requerimento N\u00famero 038/2021 </b></span></span><span><span>-</span></span><span><span><b> </b></span></span><span><span><b>ALDEVAM LIMA ARA\u00daJO</b></span></span><span><span><b> </b></span></span><span><span><span>seja oficiado ao Exmo. Sr.</span></span></span><span><span><b> </b></span></span><span><span><span><b>RICARDO MADALENA</b></span></span></span><span><span><span>, DD. Deputado </span></span></span><span><span><span><span>Estadua</span></span></span></span><span><span><span>l, solicitando de S/Exa., envidar esfor\u00e7os </span></span></span><span><span><b>em contemplar o munic\u00edpio de Am\u00e9rico Brasiliense com recursos financeiros</b></span></span><span><span><span>, por meio de emenda parlamentar, destinados ao custeio da Sa\u00fade.</span></span></span></p>\r\n<p align=\"justify\" class=\"western\"><a name=\"_Hlk426938742\"></a> <span><span><b>Requerimento N\u00famero 039/2021 </b></span></span><span><span>-</span></span><span><span><b> </b></span></span><span><span><b>ALDEVAM LIMA ARA\u00daJO</b></span></span><span><span><b> </b></span></span><span><span><span><span>seja oficiado ao Exmo. Sr. </span></span></span></span><span><span><span><b>JOS\u00c9 AUGUSTO ROSA \u2013 CAPIT\u00c3O AUGUSTO</b></span></span></span><span><span><span><span>, DD. Deputado Federal, solicitando de S/Exa., envidar esfor\u00e7os</span></span></span></span><span><span><span><b> em contemplar o munic\u00edpio de Am\u00e9rico Brasiliense com recursos financeiros,</b></span></span></span><span><span><span><span> por meio de emenda parlamentar, destinados ao custeio da Sa\u00fade.</span></span></span></span></p>\r\n<p align=\"justify\"><span><span><span><b>Requerimento N\u00famero 0</b></span></span><span><span><span><span><b>40</b></span></span></span></span><span><span><b>/2021 \u2013</b></span></span><span><span> </span></span><span><span><span><span><b>DIEGO RODRIGUES DE SOUZA </b></span></span></span></span><span><span><span><span><span>seja oficiado \u00e0 concession\u00e1ria Via Paulista \u2013 Arteris S/A, </span></span></span></span></span><span><span><span><span><span>solicitando da mesma providenciar a instala\u00e7\u00e3o de ilumina\u00e7\u00e3o nas rotat\u00f3rias abaixo relacionadas, por se tratar de importantes dispositivos vi\u00e1rios de acesso aos munic\u00edpios de Am\u00e9rico Brasiliense e Araraquara, bem como de acesso \u00e0 Rodovia SP-255; </span></span></span></span></span><span>Rotat\u00f3ria localizada na conflu\u00eancia da Estrada Municipal AMB-060 com a Estrada Municipal ARA-010 (Dispositivo de Acesso SPA 004/257); </span><span><span><span><span><span><span><span><span>Rotat\u00f3ria localizada na Via de Acesso Jos\u00e9 Barbanti Netto \u2013 SPA 074/255, km 3.</span></span></span></span></span></span></span></span></span></p>\r\n<p align=\"justify\"><span><span><span><b>Requerimento N\u00famero 0</b></span></span><span><span><span><span><b>41</b></span></span></span></span><span><span><b>/2021 \u2013</b></span></span><span><span> </span></span><span><span><span><span><b>JOS\u00c9 M\u00c1RIO SILVA DOS ANJOS</b></span></span></span></span><span><span><b> </b></span></span><span><span><span><span>seja oficiado ao Exmo. Sr. </span></span></span></span><span><span><span><b>DIRCEU BR\u00c1S PANO</b></span></span></span><span><span><span><span>, DD. Prefeito Municipal, solicitando de S/Exa. informar a esta Casa de Leis se h\u00e1 algum projeto de melhoria ou de doa\u00e7\u00e3o da \u00e1rea pr\u00f3ximo \u00e0 caixa d'\u00e1gua situada no bairro Jardim Santa Terezinha visto que h\u00e1 ind\u00fastrias no entorno do local.</span></span></span></span></span></p>\r\n<p align=\"justify\"><span><span><span><span><b>Requerimento N\u00famero 042/2021 \u2013</b></span></span></span><span><span><span><b> </b></span></span></span><span><span><span><span><b>JOS\u00c9 M\u00c1RIO SILVA DOS ANJOS</b></span></span></span></span><span><span><span><b> </b></span></span></span><span><span><span><span><span>R</span></span></span></span></span><span><span><span><span><span>etirado pelo autor.</span></span></span></span></span></span></p>\r\n<p align=\"justify\"><span><span><span><b>Requerimento N\u00famero 0</b></span></span><span><span><span><span><b>43</b></span></span></span></span><span><span><b>/2021 \u2013</b></span></span><span><span><span><span><b>MARLY LUZIA HELD PAV\u00c3O</b></span></span></span></span><span><span><b> </b></span></span><span><span><span>seja oficiado ao Exmo. Sr. DIRCEU BR\u00c1S PANO, DD. Prefeito Municipal, solicitando de S/Exa. entrar em entendimento com a Procuradoria Jur\u00eddica do Munic\u00edpio, visando ser encaminhadas a esta Casa de Leis, as seguintes informa\u00e7\u00f5es: </span></span></span><span><span><span>1</span></span></span><span><span>) Quantos, quais e respectivos valores pagos a t\u00edtulo de precat\u00f3rios judiciais, no ano de 2020; 2) Quantos, quais e respectivos valores dever\u00e3o ser pagos no exerc\u00edcio de 2021, e/ou ainda se est\u00e3o suspensos tais pagamentos em face do decreto de pandemia; 3) Qual o valor recebido pelo Munic\u00edpio a t\u00edtulo de acordos feitos em acordos extrajudiciais e processos judiciais para pagamento de d\u00e9bitos tribut\u00e1rios; </span></span><span><span><span>4) Desse valor total, qual a quantia paga a t\u00edtulo de honor\u00e1rios advocat\u00edcios, bem como foi feito o rateio desse valor, explicitando o valor recebido por cada funcion\u00e1rio municipal que presta servi\u00e7os junto \u00e0 Procuradoria Jur\u00eddica, inclusive, os procuradores jur\u00eddicos.</span></span></span></span></p>\r\n<p align=\"justify\" class=\"western\"><span><span><span><b>Requerimento N\u00famero 044/2021 \u2013</b></span></span></span><span><span><span><span> </span></span></span></span><span><span><span><span><b>MARLY LUZIA HELD PAV\u00c3O</b></span></span></span></span><span><span><span><span> seja oficiado ao Exmo. Sr. DIRCEU BR\u00c1S PANO, DD. Prefeito Municipal, solicitando de S/Exa. entrar em entendimento com o setor municipal competente, para que seja enviado esta Casa de Leis,</span></span></span></span><span><span><span><b> c\u00f3pia dos editais e contrato para constru\u00e7\u00e3o da pista de caminhada que est\u00e1 sendo constru\u00edda ao lado da Alameda Aldo Lupo</b></span></span></span><span><span><span><span>, sentido, Araraquara - Am\u00e9rico Brasiliense, desde o bal\u00e3o da antiga Empresa Sadia at\u00e9 o bal\u00e3o de in\u00edcio da FURP e</span></span></span></span><span><span><span><b> </b></span></span></span><span><span><span><span>caso tenha havido mais de um procedimento licitat\u00f3rio, por esta constru\u00e7\u00e3o estar sendo feita em etapas, que sejam encaminhados os outros editais e contratos.</span></span></span></span></p>\r\n<p align=\"justify\" class=\"western\"><span><span><span><b>Requerimento N\u00famero 045/2021 \u2013</b></span></span></span><span><span><span><span> </span></span></span></span><span><span><span><span><b>MARLY LUZIA HELD PAV\u00c3O</b></span></span></span></span><span><span><span><b> </b></span></span></span><span><span><span><span>seja oficiado ao Exmo. Sr. DIRCEU BR\u00c1S PANO, DD. Prefeito Municipal, solicitando de S/Exa. entrar em entendimento com a Diretora de Educa\u00e7\u00e3o, a Ilma. Sra. ELIZANDRA MARQUES DE ASSUMP\u00c7\u00c3O, no sentido de ser enviados a esta Casa de Leis, c\u00f3pias de todos os contratos emergenciais feitos por esta Diretoria, visando a contrata\u00e7\u00e3o de empresas e profissionais aut\u00f4nomos para realiza\u00e7\u00e3o de limpeza, reforma, pintura, e outros servi\u00e7os nas escolas e creches de nossa cidade, inclusive com a c\u00f3pia das justificativas dadas para a contrata\u00e7\u00e3o nessa modalidade, desde novembro do ano passado at\u00e9 a presente data.</span></span></span></span></p>\r\n<p align=\"center\" class=\"western\"><span><span><span><b><br /></b></span></span></span></p>\r\n<p align=\"center\" class=\"western\"><span><span><span><b>MO\u00c7\u00c3O</b></span></span></span></p>\r\n<p align=\"center\"><span><b>Mo\u00e7\u00e3o n\u00famero 009/2021 - JOS\u00c9 M\u00c1RIO SILVA DOS ANJOS </b></span><span>seja consignado na ata dos trabalhos de hoje, voto de profundo pesar pelo falecimento do Senhor </span><span>CL\u00c1UDIO DE MELLO PINTO, </span><span>ocorrido no \u00faltimo dia 03.</span></p>\r\n<p align=\"center\"><span>\u00a0</span></p>\r\n<p align=\"center\"><span><span><span><b>Mat\u00e9rias constantes da Ordem do Dia</b></span></span></span></p>\r\n<p align=\"center\"><span>\u00a0</span></p>\r\n<p align=\"justify\"><span><span><span><b>Requerimento de Urg\u00eancia Especial 002/2021</b></span></span><span><span><span> Seja inclu\u00edda na Ordem do Dia de hoje, em regime de Urg\u00eancia Especial, nos termos do artigo 142, inciso I, letra b, e Inciso V, ambos do Regimento Interno, a seguinte mat\u00e9ria: Projeto de Lei n\u00b0 011/2021, de autoria do Poder Executivo, que \u201cRatifica protocolo de inten\u00e7\u00f5es firmado entre Munic\u00edpios brasileiros, com a finalidade de adquirir vacinas para combate \u00e0 pandemia do coronav\u00edrus; medicamentos, insumos e equipamentos na \u00e1rea da sa\u00fade.\u201d</span></span></span><span><span><b> - APROVADO</b></span></span></span></p>\r\n<p align=\"justify\" class=\"western\">\u00a0</p>\r\n<p align=\"justify\" class=\"western\"><strong><span><span><span><span><b>Projeto de Lei n\u00b0 011/2021</b></span></span></span></span></strong><strong><span><span><span><span><span> </span></span></span></span></span></strong><strong><span><span><span><span><span><span><span><span>Ratifica protocolo de inten\u00e7\u00f5es firmado entre Munic\u00edpios brasileiros, com a finalidade de adquirir vacinas para combate \u00e0 pandemia do coronav\u00edrus; medicamentos, insumos e equipamentos na \u00e1rea da sa\u00fade.</span></span></span></span></span></span></span></span></strong><strong><span><span><span><span><span> - </span></span></span></span></span></strong><strong><span><span><span><span><b>APROVADO</b></span></span></span></span></strong></p>\r\n<p align=\"justify\" class=\"western\">\u00a0<span>\u00a0</span></p>\r\n<p align=\"justify\" class=\"western\"><strong><span><span><span><span><b>Projeto de Lei n\u00b0 007/2021 </b></span></span></span></span></strong><strong><span><span><span><span><span><span><span><span>Disp\u00f5e sobre a obrigatoriedade de divulga\u00e7\u00e3o, no munic\u00edpio de Am\u00e9rico Brasiliense, de informa\u00e7\u00f5es relativas \u00e0s pessoas vacinadas contra a Covid-19.</span></span></span></span></span></span></span></span></strong><strong><span><span><span><span><b> </b></span></span></span></span></strong><strong><span><span><span><span><span>- </span></span></span></span></span></strong><strong><span><span><span><span><b>APROVADO</b></span></span></span></span></strong></p>\r\n<p align=\"justify\" class=\"western\">\u00a0<span>\u00a0</span></p>\r\n<p align=\"justify\" class=\"western\"><strong><span><span><span><span><b>Projeto de Lei n\u00b0 008/2021 </b></span></span></span></span></strong><strong><span><span><span><span><span><span><span><span>Altera a Lei n\u00ba 1716, de 02 de dezembro de 20210, que disp\u00f5e sobre a institui\u00e7\u00e3o do Conselho Municipal de Alimenta\u00e7\u00e3o Escolar (CAE) do Munic\u00edpio de Am\u00e9rico Brasiliense e d\u00e1 outras provid\u00eancias.</span></span></span></span></span></span></span></span></strong><strong><span><span><span><span><b> </b></span></span></span></span></strong><strong><span><span><span><span><span>- </span></span></span></span></span></strong><strong><span><span><span><span><b>APROVADO</b></span></span></span></span></strong></p>\r\n<p align=\"justify\" class=\"western\">\u00a0<span>\u00a0</span></p>\r\n<p align=\"justify\" class=\"western\"><strong><span><span><span><span><b>Projeto de Lei n\u00b0 009/2021 </b></span></span></span></span></strong><strong><span><span><span><span><span><span><span><span>Disp\u00f5e sobre a cria\u00e7\u00e3o do Conselho Municipal de Acompanhamento e Controle Social do Fundo de Manuten\u00e7\u00e3o e Desenvolvimento da Educa\u00e7\u00e3o B\u00e1sica e de Valoriza\u00e7\u00e3o dos Profissionais da Educa\u00e7\u00e3o - Conselho do FUNDEB e d\u00e1 outras provid\u00eancias - </span></span></span></span></span></span></span></span></strong><strong><span><span><span><span><b> Vota\u00e7\u00e3o adiada a pedido do Vereador Diego Rodrigues de Souza</b></span></span></span></span></strong></p>\r\n<p align=\"justify\" class=\"western\">\u00a0<span>\u00a0</span></p>\r\n<ul>\r\n<li>\r\n<p align=\"justify\" class=\"western\"><span><span>Para assistir a sess\u00e3o na \u00edntegra, siga pelo link https://www.youtube.com/watch?v=UsFAMAKyARo</span></span></p>\r\n</li>\r\n<li>\r\n<p align=\"justify\" class=\"western\"><span><span>Acompanhe tamb\u00e9m nosso Canal do Youtube - </span></span><span><a href=\"https://www.youtube.com/channel/UCXkHkbDa_IEDbrqOJT_CgKA\" target=\"_blank\"><span><span><span><span>https://www.youtube.com/channel/UCXkHkbDa_IEDbrqOJT_CgKA</span></span></span></span></a></span><span><span><span>\u00a0</span></span></span></p>\r\n</li>\r\n</ul>\r\n<p align=\"justify\" class=\"western\">\u00a0</p>", "author_name": "administrador", "version": "1.0", "author_url": "https://www.camaraamericobrasiliense.sp.gov.br/author/administrador", "provider_name": "C\u00e2mara Municipal", "type": "rich"}