{"provider_url": "https://www.camaraamericobrasiliense.sp.gov.br", "title": "RESUMO SESS\u00c3O DO DIA 16/08", "html": "<p align=\"center\"><span><span><b>INDICA\u00c7\u00d5ES</b></span></span></p>\r\n<p align=\"justify\" class=\"western\"><a name=\"_Hlk52271530\"></a> <span><span><b>Indica\u00e7\u00e3o N\u00famero 188/2021 - </b></span></span><span><span><span><b>ALCIDES LUIS DE CARVALHO (Cid\u00e3o Mineiro)</b></span></span></span><span><span><b>: </b></span></span><span><span>seja </span></span><span><span>oficiado ao Excelent\u00edssimo Sr. Prefeito Municipal, solicitando de Sua Excel\u00eancia, entrar em entendimento com o setor competente no sentido de</span></span><span><span><b> se construir uma rotat\u00f3ria no final da rua Luiza Manzine Crescenzio, no bairro Jardim S\u00e3o Jos\u00e9 I</b></span></span><span><span>.</span></span></p>\r\n<p align=\"justify\"><a name=\"_Hlk426938743\"></a> <span><span><span><span><b><span>Indica\u00e7\u00e3o N\u00famero 1</span></b></span></span></span><span><span><span><span><b><span>89</span></b></span></span></span></span><span><span><span><b><span>/2021 \u2013</span></b></span></span></span><span><span><span><b><span> </span></b></span></span></span><span><span><span><b><span>ALDEVAM LIMA ARA\u00daJO (Van do G\u00e1s) </span></b></span></span></span><span><span><span><span><span>seja </span></span></span></span></span><span><span><span><span><span>oficiado ao Excelent\u00edssimo Sr. Prefeito Municipal, solicitando de Sua Excel\u00eancia, entrar em entendimento com o setor competente no sentido de</span></span></span></span></span><span><span><span><b><span> se construir lombada na rua Bem-Te-Vi, na altura do im\u00f3vel n\u00ba 280, no bairro Recanto dos P\u00e1ssaros.</span></b></span></span></span></span></p>\r\n<p align=\"justify\"><a name=\"_Hlk4269387431\"></a> <span><span><span><span><b><span>Indica\u00e7\u00e3o N\u00famero 19</span></b></span></span></span><span><span><span><span><b><span>0</span></b></span></span></span></span><span><span><span><b><span>/2021 \u2013</span></b></span></span></span><span><span><span><b><span> </span></b></span></span></span><span><span><span><b><span>ALDEVAM LIMA ARA\u00daJO (Van do G\u00e1s) </span></b></span></span></span><span><span><span><span><span>seja</span></span></span></span></span><span><span><span><b><span> </span></b></span></span></span><span><span><span><span><span>oficiado ao Excelent\u00edssimo Sr. Prefeito Municipal, solicitando de Sua Excel\u00eancia, entrar em entendimento com o setor competente no sentido de</span></span></span></span></span><span><span><span><b><span> realizar recapeamento nas seguintes vias do Munic\u00edpio: </span></b></span></span></span><span><span><b>Rua Ant\u00f4nio Cavassani, localizada no bairro Jardim S\u00e3o Jos\u00e9, Rua Augusto Franciscatto, localizada no bairro Jardim Santa Terezinha; e </b></span></span><span><span><span><b><span>Rua Cust\u00f3dia Marcelino Marques, localizada no bairro Jardim Novo Am\u00e9rico.</span></b></span></span></span></span></p>\r\n<p align=\"justify\"><span><span><span><span><span><b>Indica\u00e7\u00e3o N\u00famero </b></span></span></span><span><span><b>191</b></span></span><span><span><span><b>/2021 - JOS\u00c9 M\u00c1RIO SILVA DOS ANJOS (Bahia do Corte) </b></span></span></span><span><span><span><b>:</b></span></span></span><span><span><span> </span></span></span><span><span><span> </span></span></span><span><span><span>seja</span></span></span><span><span><span><span> oficiado ao Excelent\u00edssimo Sr. Prefeito Municipal, solicitando de Sua Excel\u00eancia, entrar em entendimento com o setor competente no sentido de</span></span></span></span><span><span><span><b> realizar a reforma na \u00e1rea interna, principalmente nos vesti\u00e1rios e banheiros do Gin\u00e1sio, </b></span></span></span><span><span><span><span>localizado no bairro Jardim Vista Alegre, e ainda realizar manuten\u00e7\u00e3o da ilumina\u00e7\u00e3o do local mencionado.</span></span></span></span></span></span></p>\r\n<p align=\"justify\" class=\"western\"><span><span><b>Indica\u00e7\u00e3o N\u00famero 192/2021 \u2013 </b></span></span><span><span><span><b>JOS\u00c9 ROBERTO DE ANDRADE (Z\u00c9 ROBERTO)</b></span></span></span><span><span><span><b>:</b></span></span></span><span><span><span> </span></span></span><span><span><span>seja </span></span></span><span><span><span><span>oficiado ao Excelent\u00edssimo Sr. Prefeito Municipal, solicitando de Sua Excel\u00eancia, entrar em entendimento com o setor competente no sentido de</span></span></span></span><span><span><span><b> estudar a viabilidade de implementar em nosso Munic\u00edpio, uma Unidade da Casa da Mulher, nos mesmos moldes das unidades existentes na cidade de Bauru-SP.</b></span></span></span></p>\r\n<p align=\"justify\"><a name=\"__DdeLink__871_1596055209\"></a> <span><span><span><span><b>Indica\u00e7\u00e3o N\u00famero 193/2021 \u2013 LEANDRO HENRIQUE MORALLES (Leandro Mancha)</b></span></span><span><span><b>: </b></span></span><span><span><span><b> </b></span></span></span><span><span> seja </span></span><span><span><span>oficiado ao Excelent\u00edssimo Sr. Prefeito Municipal, solicitando de Sua Excel\u00eancia, entrar em entendimento com o setor competente no sentido de</span></span></span><span><span><b> verificar a possibilidade de ampliar o n\u00famero de funcion\u00e1rios do quadro da Vigil\u00e2ncia Sanit\u00e1ria Municipal.</b></span></span></span></span></p>\r\n<p align=\"justify\"><a name=\"__DdeLink__871_15960552091\"></a> <span><span><span><span><b>Indica\u00e7\u00e3o N\u00famero 194/2021 \u2013 LEANDRO HENRIQUE MORALLES (Leandro Mancha):</b></span></span><span><span> </span></span><span><span><span> seja </span></span></span><span><span><span><b>o</b></span></span></span><span><span><span><span>ficiado ao Excelent\u00edssimo Sr. Prefeito Municipal, solicitando de Sua Excel\u00eancia, entrar em entendimento com o setor competente no sentido de</span></span></span></span><span><span><span><b> verificar a possibilidade de n\u00e3o realizar a cobran\u00e7a de passe dos estudantes que utilizam a linha intermunicipal de trasporte p\u00fablico durante o per\u00edodo de retomada das atividades escolares.</b></span></span></span></span></span></p>\r\n<p align=\"justify\"><span><span><span><span><b>Indica\u00e7\u00e3o N\u00famero 195/2021 \u2013 LEANDRO HENRIQUE MORALLES (Leandro Mancha):</b></span></span><span><span> </span></span><span><span><span>seja </span></span></span><span><span><span><span>oficiado ao Excelent\u00edssimo Sr. Prefeito Municipal, solicitando de Sua Excel\u00eancia, entrar em entendimento com o setor competente no sentido de</span></span></span></span><span><span><span><b> realizar estudos sobre o sem\u00e1foro situado em frente \u00e0 Prefeitura Municipal, com o objetivo de verificar a viabilidade de instalar sem\u00e1foro com tr\u00eas pontos no local.</b></span></span></span></span></span></p>\r\n<p align=\"justify\"><span><span><span><span><b>Indica\u00e7\u00e3o N\u00famero 196/2021 \u2013 MARLY LUZIA HELD PAV\u00c3O (Marly Pav\u00e3o):</b></span></span><span><span> </span></span><span><span><span>seja oficiado ao Excelent\u00edssimo Sr. Prefeito Municipal, solicitando de Sua Excel\u00eancia, entrar em entendimento com o setor competente no sentido de</span></span></span><span><span><span><b> colocar elevador e/ou corrim\u00f5es nas escadas de acesso ao andar superior do pr\u00e9dio da prefeitura, visando atendimento \u00e0s diretrizes de acessibilidade aos locais de suporte \u00e0 popula\u00e7\u00e3o.</b></span></span></span></span></span></p>\r\n<p align=\"center\">\u00a0</p>\r\n<p align=\"center\"><span><span><span><span><b>REQUERIMENTOS</b></span></span></span></span></p>\r\n<p align=\"justify\" class=\"western\"><span><span><span><b>Requerimento N\u00famero 100/2021 \u2013 </b></span></span></span><span><span><b>JOS\u00c9 M\u00c1RIO SILVA DOS ANJOS (Bahia do Corte)</b></span></span><span><span><span><b>:</b></span></span></span><span><span><span><b> </b></span></span></span><span><span><span><span>seja </span></span></span></span><span><span><span><span>oficiado ao Excelent\u00edssimo Sr. </span></span></span></span><span><span><span><b>DIRCEU BR\u00c1S PANO</b></span></span></span><span><span><span><span>, Dign\u00edssimo Prefeito Municipal, solicitando de Sua Excel\u00eancia, entrar em entendimento com o setor competente e responder c</span></span></span></span><span><span><span>omo est\u00e1 funcionando o transporte escolar e q</span></span></span><span><span><span><span>ual a periodicidade de manuten\u00e7\u00e3o desses ve\u00edculos?</span></span></span></span></p>\r\n<p align=\"justify\" class=\"western\"><span><span><b>Requerimento N\u00famero 101/2021 </b></span></span><span><span><b>\u2013 MARLY LUZIA HELD PAV\u00c3O (Marly Pav\u00e3o):</b></span></span><span><span> </span></span><span><span><span>seja </span></span></span><span><span><span>oficiado ao Excelent\u00edssimo Sr. </span></span></span><span><span><span><b>DIRCEU BR\u00c1S PANO</b></span></span></span><span><span><span>, Dign\u00edssimo Prefeito Municipal, solicitando de Sua Excel\u00eancia, entrar em entendimento com a Diretora de Educa\u00e7\u00e3o e justificar a esta Casa de Leis, qual o motivo da n\u00e3o realiza\u00e7\u00e3o da pintura com o nome da homenageada \u201c</span></span></span><span><span><span><span><span><span>Maria Aparecida Megda Moreira</span></span></span></span></span></span><span><span><span>\u201d, na rec\u00e9m-inaugurada creche do bairro Jardim S\u00e3o Judas Tadeu.</span></span></span><span><span><span> </span></span></span></p>\r\n<p align=\"justify\" class=\"western\"><a name=\"_Hlk79567003\"></a> </p>\r\n<p align=\"center\"><span><span><span><b>MO\u00c7\u00c3O</b></span></span></span></p>\r\n<p align=\"justify\"><span><span><span><span><b>Mo\u00e7\u00e3o n\u00famero 064/2021 \u2013 </b></span></span></span><span><span><span><span><b>DIEGO RODRIGUES DE SOUZA</b></span></span></span></span><span><span><b> (</b></span></span><span><span><span><span><b>Diego Viveiros)</b></span></span></span></span><span><span><span><b>: </b></span></span></span><span><span><span><span>seja consignado na ata dos trabalhos de hoje, voto de profundo pesar pelo falecimento do Senhor</span></span></span></span><span><span><span><b> </b></span></span></span><span><span><span><b>CELSO DONIZETI BARNAB\u00c9,</b></span></span></span><span><span><span><span> </span></span></span></span><span><span><span><span>ocorrido no \u00faltimo dia 03.</span></span></span></span></span></p>\r\n<p align=\"justify\">\u00a0<span><b>Mo\u00e7\u00e3o n\u00famero 065/2021 \u2013 </b></span><span><b>DIEGO RODRIGUES DE SOUZA</b></span><span><b> (</b></span><span><b>Diego Viveiros)</b></span><span><b>: </b></span><span>seja consignado na ata dos trabalhos de hoje, voto de profundo pesar pelo falecimento do Senhor</span><span><b> SEBASTI\u00c3O CORR\u00caA FILHO, </b></span><span>ocorrido no \u00faltimo dia 12.</span></p>\r\n<p align=\"justify\">\u00a0<span><b>Mo\u00e7\u00e3o n\u00famero 066/2021 \u2013 LEANDRO HENRIQUE MORALLES (Leandro Mancha): </b></span><span><b>MO\u00c7\u00c3O DE AGRADECIMENTO </b></span><span>a toda</span><span><b> EQUIPE DO CCZ, </b></span><span>pelo excelente trabalho prestado em nosso Munic\u00edpio.</span></p>\r\n<p align=\"justify\">\u00a0</p>\r\n<ul>\r\n<li>\r\n<p align=\"justify\" class=\"western\"><span><span>Para assistir a Sess\u00e3o na \u00edntegra, siga pelo link </span></span><span><span style=\"text-decoration: underline; \"><span><span>https://www.youtube.com/watch?v=RjW4qRwBFWI</span></span></span></span></p>\r\n</li>\r\n</ul>\r\n<p align=\"justify\" class=\"western\">\u00a0</p>\r\n<ul>\r\n<li>\r\n<p align=\"justify\" class=\"western\"><span><span>Acompanhe tamb\u00e9m nosso Canal do Youtube - </span></span></p>\r\n</li>\r\n</ul>\r\n<p align=\"justify\" class=\"western\"><span><span style=\"text-decoration: underline; \"><span><span>https://www.youtube.com/channel/UCXkHkbDa_IEDbrqOJT_CgKA</span></span></span></span></p>\r\n<p align=\"justify\" class=\"western\">\u00a0</p>", "author_name": "administrador", "version": "1.0", "author_url": "https://www.camaraamericobrasiliense.sp.gov.br/author/administrador", "provider_name": "C\u00e2mara Municipal", "type": "rich"}