{"provider_url": "https://www.camaraamericobrasiliense.sp.gov.br", "title": "RESUMO SESS\u00c3O DO DIA 17/05", "html": "<p align=\"center\"><span><span><b>INDICA\u00c7\u00d5ES</b></span></span></p>\r\n<p align=\"center\">\u00a0</p>\r\n<p align=\"justify\" class=\"western\"><a name=\"_Hlk52271530\"></a><a name=\"_Hlk43209274\"></a> <span><span><b>Indica\u00e7\u00e3o N\u00famero 103/2021 </b></span></span><span><span>-</span></span><span><span><b> </b></span></span><span><span><b>ALCIDES LUIS DE CARVALHO (Cid\u00e3o Mineiro): </b></span></span><span><span>seja oficiado ao Excelent\u00edssimo Sr. Prefeito Municipal, solicitando de Sua Excel\u00eancia, entrar em entendimento com o setor competente no sentido de</span></span><span><span><b> </b></span></span><span><span><b>instalar redutores de velocidade</b></span></span><span><span> nos seguintes pontos:</span></span><span><span> </span></span><span><span>Duas lombadas na </span></span><span><span><b>rua Ant\u00f4nio Gouv\u00eaa</b></span></span><span><span>, no bairro Jardim Santa Terezinha;</span></span><span><span> </span></span><span><span>Uma lombada na </span></span><span><span><b>Rua Manoel Jos\u00e9 Pires</b></span></span><span><span>, na altura do im\u00f3vel n\u00famero 322; e</span></span><span><span> </span></span><span><span>Uma lombada na </span></span><span><span><b>Avenida Jo\u00e3o Joaquim</b></span></span><span><span>, entre as Ruas Augusta Apparecida dos Santos Barbieri e Rua Alan Gustavo Brizolari, localizado no bairro Jardim Santa Terezinha.</span></span></p>\r\n<p align=\"justify\"><span><span><span><b>Indica\u00e7\u00e3o N\u00famero 104/2021 </b></span></span><span><span>-</span></span><span><span><b> </b></span></span><span><span><b>ALCIDES LUIS DE CARVALHO (Cid\u00e3o Mineiro): </b></span></span><span><span>seja oficiado ao Excelent\u00edssimo Sr. Prefeito Municipal, solicitando de Sua Excel\u00eancia, entrar em entendimento com o setor competente no sentido de </span></span><span><span><b>recapear as seguintes vias do Munic\u00edpio: </b></span></span><span><span>Rua Em\u00edlia Galli, na quadra que abrange o im\u00f3vel n\u00ba 399 \u2013 sentido Campo do Americano, em toda sua extens\u00e3o; Rua Sumar\u00e9, na pista do lado par, do in\u00edcio da via at\u00e9 a Usicon; e Rua Borborema, desde o n\u00ba 683 at\u00e9 o fim da via.</span></span></span></p>\r\n<p align=\"justify\" class=\"western\"><a name=\"_Hlk522715302\"></a> <span><span><span><b>Indica\u00e7\u00e3o N\u00famero 105/2021 </b></span></span></span><span><span><span>-</span></span></span><span><span><span><b> </b></span></span></span><span><span><span><b>ALDEVAM LIMA ARA\u00daJO (Van do G\u00e1s):</b></span></span></span><span><span> seja oficiado ao Excelent\u00edssimo Sr. Prefeito Municipal, solicitando de Sua Excel\u00eancia, entrar em entendimento com o setor competente no sentido de </span></span><span><span><b>realizar a limpeza na beira do C\u00f3rrego \u201cMaria Mendes\u201d, localizado na passagem que interliga os bairros Jardim S\u00e3o Jos\u00e9 I e Jardim S\u00e3o Jos\u00e9 II.</b></span></span></p>\r\n<p align=\"justify\" class=\"western\"><a name=\"_Hlk432092741\"></a><a name=\"_Hlk4269387432\"></a> <span><span><span><b>Indica\u00e7\u00e3o N\u00famero </b></span></span></span><span><span><b>106</b></span></span><span><span><span><b>/2021 </b></span></span></span><span><span><span>-</span></span></span><span><span><span><b> </b></span></span></span><span><span><span><b>ALDEVAM LIMA ARA\u00daJO</b></span></span></span><span><span><span><b> (Van do G\u00e1s):</b></span></span></span><span><span> seja oficiado ao Excelent\u00edssimo Sr. Prefeito Municipal, solicitando de Sua Excel\u00eancia, entrar em entendimento com o setor competente no sentido de </span></span><span><span><b>implementar a ilumina\u00e7\u00e3o no final da Rua Ant\u00f4nio Cavassani,</b></span></span><span><span> localizada no bairro Jardim S\u00e3o Jos\u00e9.</span></span></p>\r\n<p align=\"justify\"><span><span><span><span><span><b>Indica\u00e7\u00e3o N\u00famero </b></span></span></span><span><span><b>107</b></span></span><span><span><span><b>/2021 \u2013 </b></span></span></span><span><span><span>-</span></span></span><span><span><span><b> </b></span></span></span><span><span><span><b>ALDEVAM LIMA ARA\u00daJO</b></span></span></span><span><span><span><b> (Van do G\u00e1s): </b></span></span></span><span><span><span>seja oficiado ao Excelent\u00edssimo Sr. Prefeito Municipal, solicitando de Sua Excel\u00eancia entrar em entendimento com o setor competente, no sentido de realizar opera\u00e7\u00e3o tapa-buracos na rua 14, Eduardo Pav\u00e3o, no bairro Jardim Maria Luiza.</span></span></span></span></span></p>\r\n<p align=\"justify\">\u00a0</p>\r\n<p align=\"justify\" class=\"western\"><span><span><b>Indica\u00e7\u00e3o N\u00famero 108/2021 \u2013</b></span></span><span><span> </span></span><span><span><b>DIEGO RODRIGUES DE SOUZA: </b></span></span><span><span>seja oficiado ao Excelent\u00edssimo Sr. Prefeito Municipal, solicitando de Sua Excel\u00eancia, entrar em entendimento com o setor competente no sentido de </span></span><span><span><b>construir \u201ccanalet\u00e3o\u201d no cruzamento da Avenida Henrique dos Santos com a Rua dos Flamboyant, </b></span></span><span><span>no Jardim Primaveras.</span></span></p>\r\n<p align=\"justify\"><span><span><span><span><span><b>Indica\u00e7\u00e3o N\u00famero </b></span></span></span><span><span><b>109</b></span></span><span><span><span><b>/2021 \u2013</b></span></span></span><span><span><span><b> </b></span></span></span><span><span><b>JOS\u00c9 M\u00c1RIO SILVA DOS ANJOS (Bahia do Corte): </b></span></span><span><span><span>seja oficiado ao Excelent\u00edssimo Sr. Prefeito Municipal, solicitando de Sua Excel\u00eancia entrar em entendimento com o setor competente, no sentido de se construir um posto de sa\u00fade na rua Maria Balbina D\u00f3tole Carlesci, no terreno que faz divisa com a antiga Sadia, na descida para o bairro Jardim S\u00e3o Jos\u00e9.</span></span></span></span></span></p>\r\n<p align=\"justify\"><span><span><span><span><b>Indica\u00e7\u00e3o N\u00famero 110/2021 - </b></span></span><span><span><b>JOS\u00c9 M\u00c1RIO SILVA DOS ANJOS (Bahia do Corte): </b></span></span><span><span><span>seja oficiado ao Excelent\u00edssimo Sr. Prefeito Municipal, solicitando de Sua Excel\u00eancia entrar em entendimento com o setor competente, no sentido de </span></span></span><span><span><span><b>realizar a manuten\u00e7\u00e3o ou troca dos bancos de concreto que existem no Posto de Sa\u00fade do bairro Jardim Vista Alegre, pois os mesmos encontram-se deteriorados.</b></span></span></span></span></span></p>\r\n<p align=\"justify\"><span><span><span><span><b>Indica\u00e7\u00e3o N\u00famero 111/2021 </b></span></span><span><span><b>\u2013 JOS\u00c9 M\u00c1RIO SILVA DOS ANJOS (Bahia do Corte): </b></span></span><span><span><span>seja oficiado ao Excelent\u00edssimo Sr. Prefeito Municipal, solicitando de Sua Excel\u00eancia, entrar em entendimento com o setor competente, no sentido de </span></span></span><span><span><span><b>realizar a poda das \u00e1rvores na Rua Rouxinol, </b></span></span></span><span><span><span>localizada no bairro Jardim Recanto dos P\u00e1ssaros.</span></span></span></span></span></p>\r\n<p align=\"justify\"><span><span><span><span><b>Indica\u00e7\u00e3o N\u00famero 112/2021 \u2013 </b></span></span><span><span><span><b>JOS\u00c9 ROBERTO DE ANDRADE: </b></span></span></span><span><span><b> </b></span></span><span><span><span>seja oficiado ao Excelent\u00edssimo Sr. Prefeito Municipal, solicitando de Sua Excel\u00eancia entrar em entendimento com o setor competente, no sentido de se </span></span></span><span><span><span><b>colocar redutor de velocidade (lombada) nas ruas Benedito Garcia Lopes e Dr Olavo de Almeida Peres</b></span></span></span><span><span><span><b> </b></span></span></span><span><span><b>Cordis p</b></span></span><span><span><span><b>r\u00f3ximas a pra\u00e7a \u201cEduardo </b></span></span></span><span><span><span><b>Estevam</b></span></span></span><span><span><span><b>\u201d, no bairro Residencial Alian\u00e7a.</b></span></span></span></span></span></p>\r\n<p align=\"justify\">\u00a0</p>\r\n<p align=\"justify\" class=\"western\"><span><span><b>Indica\u00e7\u00e3o N\u00famero</b></span></span><span><span><b> 113/2021 \u2013 </b></span></span><span><span><span><b>LEANDRO HENRIQUE MORALLES (Mancha)</b></span></span></span><span><span><b>: </b></span></span><span><span>seja oficiado ao Excelent\u00edssimo Sr. Prefeito Municipal, solicitando de Sua Excel\u00eancia, entrar em entendimento com o setor competente no sentido de </span></span><span><span><b>realizar estudos de viabilidade de implementa\u00e7\u00e3o de pain\u00e9is de c\u00e9lulas fotovoltaicas, para transforma\u00e7\u00e3o de energia solar em energia el\u00e9trica </b></span></span><span><span><b>nos pr\u00e9dios p\u00fablicos da Prefeitura Municipal de Am\u00e9rico Brasiliense (Pr\u00e9dio da Administra\u00e7\u00e3o, Postos de Sa\u00fade, Hospital, Escolas, Creches, etc.);</b></span></span></p>\r\n<p align=\"justify\" class=\"western\">\u00a0</p>\r\n<p align=\"justify\" class=\"western\"><span><span><b>Indica\u00e7\u00e3o N\u00famero</b></span></span><span><span><b> 114/2021 \u2013 </b></span></span><span><span><span><b>LEANDRO HENRIQUE MORALLES (Mancha)</b></span></span></span><span><span><b>: </b></span></span><span><span>seja oficiado ao Excelent\u00edssimo Sr. Prefeito Municipal, solicitando de Sua Excel\u00eancia, entrar em entendimento com o setor competente no sentido de </span></span><span><span><b>instalar uma lombofaixa ou redutor de velocidade </b></span></span><span><span><b>na Rua Manoel Jos\u00e9 Pires, </b></span></span><span><span><b>defronte ao C.E.R. Professora Leila L\u00facia Dias Toledo Piza Durante.</b></span></span></p>\r\n<p align=\"justify\"><span><span><span><span><b>Indica\u00e7\u00e3o N\u00famero 115/2021 \u2013 </b></span></span><span><span><b>ROBERTO RODRIGUES JOB: </b></span></span><span><span><span>seja oficiado ao Excelent\u00edssimo Sr. Prefeito Municipal, solicitando de Sua Excel\u00eancia entrar em entendimento com o setor competente, no sentido de se </span></span></span><span><span><span><b>implantar sinaliza\u00e7\u00e3o horizontal e vertical no cruzamento da rua Boa Esperan\u00e7a do Sul com a avenida Araraquara, no bairro Jardim Vista Alegre</b></span></span></span><span><span><span>.</span></span></span></span></span></p>\r\n<p align=\"justify\"><span><span><span><span><b>Indica\u00e7\u00e3o N\u00famero 116/2021 SILAS FERNANDES PINTO</b></span></span><span><span><b>: </b></span></span><span><span><span>seja oficiado ao Excelent\u00edssimo Sr. Prefeito Municipal, solicitando de Sua Excel\u00eancia entrar em entendimento com o setor competente, no sentido de se instalar um redutor de velocidade na vicinal da rua Toledo Pizza e outro, na rua Jos\u00e9 Bezerra dos Santos, ambas no bairro Residencial Alian\u00e7a.</span></span></span></span></span></p>\r\n<p align=\"justify\"><span><span><span><span><b>Indica\u00e7\u00e3o N\u00famero 117/2021 \u2013 VALDEIR BEZERRA DA SILVA (Dega):</b></span></span><span><span><span> seja oficiado ao Excelent\u00edssimo Sr. Prefeito Municipal, solicitando de Sua Excel\u00eancia. entrar em entendimento com o setor competente, no sentido de se construir dois (02) redutores de velocidade (lombadas) na rua Nicolau Carneiro Le\u00e3o, na altura dos im\u00f3veis n\u00famero 1092 e 1122.</span></span></span></span></span></p>\r\n<p>\u00a0</p>\r\n<p align=\"justify\" class=\"western\">\u00a0</p>\r\n<p align=\"justify\" class=\"western\">\u00a0</p>\r\n<p align=\"justify\">\u00a0</p>\r\n<p align=\"center\"><span><span><span><b>REQUERIMENTOS</b></span></span></span></p>\r\n<p align=\"justify\" class=\"western\"><span><span><b>Requerimento N\u00famero 061/2021 </b></span></span><span><span><b>\u2013 DIEGO RODRIGUES DE SOUZA</b></span></span><span><span><span><b> </b></span></span></span><span><span>, seja oficiado </span></span><span><span>ao Excelent\u00edssimo Sr. </span></span><span><span><b>DIRCEU BR\u00c1S PANO</b></span></span><span><span>, Dign\u00edssimo Prefeito Municipal, solicitando de Sua Excel\u00eancia o que segue: Informar quais os valores recebidos do </span></span><span><span><span>Programa Nacional de Alimenta\u00e7\u00e3o Escolar (PNAE) pelo munic\u00edpio de Am\u00e9rico Brasiliense no per\u00edodo de 2017 a 2020, discriminando ano a ano;</span></span></span><span><span> </span></span><span><span><span>Detalhar a aplica\u00e7\u00e3o dos 30% em compras de g\u00eaneros oriundos da agricultura familiar, informando: dados cadastrais dos fornecedores, quantitativo de g\u00eaneros adquiridos e os respectivos valores pagos, tamb\u00e9m no per\u00edodo de 2017 a 2020, discriminando ano a ano;</span></span></span><span><span> </span></span><span><span><span>Informar qual o saldo em conta referente ao recurso federal do Programa Nacional de Alimenta\u00e7\u00e3o Escolar (PNAE) ao t\u00e9rmino do exerc\u00edcio de 2020;</span></span></span><span><span> </span></span><span><span><span>Informar qual a previs\u00e3o de receita do recurso federal do Programa Nacional de Alimenta\u00e7\u00e3o Escolar (PNAE) para o corrente exerc\u00edcio (2021) e quanto j\u00e1 foi repassado ao munic\u00edpio desde o in\u00edcio do ano at\u00e9 a presente data.</span></span></span></p>\r\n<p align=\"justify\" class=\"western\"><span><span><b>Requerimento N\u00famero 062/2021 \u2013</b></span></span><span><span><b> </b></span></span><span><span><span><b>DIEGO RODRIGUES DE SOUZA:</b></span></span></span><span><span><span><b> </b></span></span></span><span><span>seja oficiado </span></span><span><span>ao Exmo. Sr. </span></span><span><span><b>DIRCEU BR\u00c1S PANO</b></span></span><span><span>, Dign\u00edssimo Prefeito Municipal, solicitando de Sua Excel\u00eancia o que segue referindo-se ao an\u00fancio da Prefeitura Municipal da pretens\u00e3o de construir cobertura no local em que acontece semanalmente a Feira do Empreendedor, defronte \u00e0 antiga esta\u00e7\u00e3o ferrovi\u00e1ria de Am\u00e9rico Brasiliense, tendo divulgado \u00e0 popula\u00e7\u00e3o, inclusive, o projeto arquitet\u00f4nico e que h\u00e1 recursos conquistados para a execu\u00e7\u00e3o de tal obra: Informar o valor total previsto para a execu\u00e7\u00e3o da obra acima mencionada</span></span><span><span><span>;</span></span></span><span><span> </span></span><span><span><span>Informar a proveni\u00eancia dos recursos a serem utilizados na execu\u00e7\u00e3o da mesma. Em caso de utiliza\u00e7\u00e3o de recursos provenientes de outros entes e/ou de emenda parlamentar, detalhar;</span></span></span><span><span> </span></span><span><span><span>Informar qual a previs\u00e3o para o in\u00edcio de tal obra p\u00fablica.</span></span></span></p>\r\n<p align=\"justify\" class=\"western\">\u00a0</p>\r\n<p align=\"justify\" class=\"western\"><a name=\"__DdeLink__127_3082272603\"></a> <span><span><span><b>Requerimento N\u00famero 063/2021 \u2013</b></span></span></span><span><span><span><b> </b></span></span></span><span><span><b>JOS\u00c9 M\u00c1RIO SILVA DOS ANJOS (Bahia do Corte): </b></span></span><span><span><span>Proposi\u00e7\u00e3o retirada pelo autor.</span></span></span></p>\r\n<p align=\"justify\" class=\"western\">\u00a0</p>\r\n<p align=\"justify\" class=\"western\"><span><span><span><b>Requerimento N\u00famero 064/2021 \u2013</b></span></span></span><span><span><span><b> </b></span></span></span><span><span><b>JOS\u00c9 M\u00c1RIO SILVA DOS ANJOS (Bahia do Corte):</b></span></span><span><span><span><b> </b></span></span></span><span><span><span>seja oficiado ao Excelent\u00edssimo Sr. </span></span></span><span><span><b>NICOLINO BOZZELLA JUNIOR</b></span></span><span><span><span>, Dign\u00edssimo DEPUTADO FEDERAL, solicitando de Sua Excel\u00eancia, envidar esfor\u00e7os no sentido de enviar recursos financeiros, atrav\u00e9s de emenda parlamentar, no valor de R$ 300.000,00 (trezentos mil reais) destinados \u00e0 obras e reformas no Setor de Sa\u00fade do Munic\u00edpio de Am\u00e9rico Brasiliense.</span></span></span></p>\r\n<p align=\"justify\" class=\"western\"><span><span><span><b>Requerimento N\u00famero 065/2021 - LEANDRO</b></span></span></span><span><span><span><b> HENRIQUE MORALLES (Mancha): </b></span></span></span><span><span><span>seja oficiado ao Excelent\u00edssimo Sr. </span></span></span><span><span><span><b>DIRCEU BR\u00c1S PANO</b></span></span></span><span><span><span>, Dign\u00edssimo Prefeito Municipal, solicitando de Sua Excel\u00eancia, para que entre em entendimento com o Departamento de Comunica\u00e7\u00e3o, no sentido de informar a esta Casa de Leis: Como s\u00e3o realizadas as atualiza\u00e7\u00f5es das not\u00edcias dos departamentos municipais no site institucional e nas redes sociais? E quem \u00e9 (s\u00e3o) o(s) respons\u00e1vel(is) por estas atualiza\u00e7\u00f5es? E Quais s\u00e3o os crit\u00e9rios para definir a \u201cfiltragem\u201d dos coment\u00e1rios realizados nas redes sociais oficiais do Poder Executivo.</span></span></span></p>\r\n<p align=\"justify\" class=\"western\">\u00a0</p>\r\n<p align=\"justify\" class=\"western\"><span><span><span><b>Requerimento N\u00famero 066/2021 - LEANDRO</b></span></span></span><span><span><span><b> HENRIQUE MORALLES (Mancha): </b></span></span></span><span><span>seja oficiado ao Excelent\u00edssimo Sr. DIRCEU BR\u00c1S PANO, Dign\u00edssimo Prefeito Municipal, solicitando de Sua Excel\u00eancia, para que entre em entendimento o setor competente, no sentido de informar a esta Casa de Leis o que segue</span></span><span><span> </span></span><span><span>acerca de avarias existentes no Centro de Reserva\u00e7\u00e3o e Distribui\u00e7\u00e3o 01 CDR-01, localizado na Rua Manoel Jos\u00e9 Pires, e seu respectivo estudo t\u00e9cnico de melhorias</span></span><span><span>:</span></span><span><span> Foi realizado o processo licitat\u00f3rio para a recupera\u00e7\u00e3o estrutural? Se sim, qual foi a empresa vencedora;</span></span><span><span> </span></span><span><span>A etapa da recupera\u00e7\u00e3o estrutural do referido reservat\u00f3rio foi finalizada?</span></span><span><span> </span></span><span><span>Se sim, enviar c\u00f3pia do boletim de medi\u00e7\u00e3o do mesmo e qual o custo total dessa etapa; Qual o cronograma para poss\u00edveis outras etapas da recupera\u00e7\u00e3o do reservat\u00f3rio?</span></span></p>\r\n<p align=\"justify\" class=\"western\">\u00a0</p>\r\n<p align=\"justify\" class=\"western\">\u00a0</p>\r\n<p align=\"center\"><span><span><span><b>MO\u00c7\u00c3O</b></span></span></span></p>\r\n<p align=\"justify\">\u00a0</p>\r\n<p align=\"justify\"><span><span><span><span><b>Mo\u00e7\u00e3o n\u00famero 031/2021 \u2013 SILAS FERNANDES PINTO: </b></span></span></span><span><b>MO\u00c7\u00c3O DE CONGRATULA\u00c7\u00d5ES E APLAUSOS </b></span><span>para com o Ilmo. Sr. Jozuel Morais Duque, Dign\u00edssimo Diretor de Transportes e Tr\u00e2nsito da Prefeitura Municipal de Am\u00e9rico Brasiliense pela inciativa em realizar a melhoria da Pra\u00e7a Rotat\u00f3ria \u201cCide Santin\u201d e pelo bom atendimento prestado em rela\u00e7\u00e3o as solicita\u00e7\u00f5es dos Srs. Vereadores desta Casa de Leis.</span></span></p>\r\n<p align=\"justify\">\u00a0</p>\r\n<p align=\"justify\"><span><span><span><span><span><b>Mo\u00e7\u00e3o n\u00famero 032/2021 \u2013DIEGO RODRIGUES DE SOUZA: </b></span></span></span><span><span>seja consignado na ata dos trabalhos de hoje, voto de profundo pesar pelo falecimento da Senhora </span></span><span><span><b>ANA RENATA RIBEIRO DOS SANTOS</b></span></span><span><span>, ocorrido no \u00faltimo dia 27.</span></span></span></span></p>\r\n<p align=\"justify\">\u00a0</p>\r\n<p align=\"justify\"><span><span><span><span><span><b>Mo\u00e7\u00e3o n\u00famero 033/2021 \u2013DIEGO RODRIGUES DE SOUZA</b></span></span></span><span><span>: seja consignado na ata dos trabalhos de hoje, voto de profundo pesar pelo falecimento do Senhor </span></span><span><span><b>DENIS AUGUSTO FRANCESCATTO </b></span></span><span><span>ocorrido no \u00faltimo dia 26.</span></span></span></span></p>\r\n<p align=\"justify\"><span><span><span><span><span><b>Mo\u00e7\u00e3o n\u00famero 034/2021 - DIEGO RODRIGUES DE SOUZA</b></span></span></span><span><span>: seja consignado na ata dos trabalhos de hoje, voto de profundo pesar pelo falecimento do Senhor, </span></span><span><span><b>HENRIQUE ALVES SOBRINHO, </b></span></span><span><span>ocorrido no \u00faltimo dia 13.</span></span></span></span></p>\r\n<p align=\"justify\"><span><span><span><span><span><b>Mo\u00e7\u00e3o n\u00famero 035/2021 \u2013 LEANDRO HENRIQUE MORALLES (Mancha)</b></span></span></span><span><span>: seja consignado na ata dos trabalhos de hoje, voto de profundo pesar pelo falecimento do Senhor </span></span><span><span><b>GILMAR DO CARMO ORLANDO </b></span></span><span><span>ocorrido no \u00faltimo dia 13.</span></span></span></span></p>\r\n<p>\u00a0</p>\r\n<p>\u00a0</p>\r\n<p>\u00a0</p>\r\n<p>\u00a0</p>\r\n<p align=\"center\"><span> <span><span><span><b>Mat\u00e9rias constantes da Ordem do Dia</b></span></span></span></span></p>\r\n<p align=\"center\">\u00a0</p>\r\n<p align=\"justify\"><span><span><span><b>Requerimento de Urg\u00eancia Especial n\u00ba 006/2021</b></span><span><span> Inclui na Ordem do Dia, em regime de Urg\u00eancia Especial, a seguinte mat\u00e9ria: </span></span><span><span>Projeto de Lei Complementar n\u00b0 003/2021, </span></span><span><span>de autoria do Vereador Diego Rodrigues de Souza, que \u201cInstitui o Programa Municipal de Est\u00e1gio \u201cSem Padrinho\u201d e disp\u00f5e sobre obrigatoriedade do Poder P\u00fablico Municipal a realizar a contrata\u00e7\u00e3o de estagi\u00e1rios, exclusivamente mediante processo seletivo e d\u00e1 outras provid\u00eancias.\u201d </span></span><span><span><b>- APROVADO</b></span></span></span></span></p>\r\n<p align=\"justify\"><span><span><strong><span>Projeto de Lei Complementar n\u00b0 003/2021 </span></strong><span><span>de autoria do Vereador Diego Rodrigues de Souza, que \u201cInstitui o Programa Municipal de Est\u00e1gio \u201cSem Padrinho\u201d e disp\u00f5e sobre obrigatoriedade do Poder P\u00fablico Municipal a realizar a contrata\u00e7\u00e3o de estagi\u00e1rios, exclusivamente mediante processo seletivo e d\u00e1 outras provid\u00eancias.\u201d </span></span><strong><span><span><span>- APROVADO</span></span></span></strong></span></span></p>\r\n<p align=\"justify\"><span><span><span><b>Requerimento de Urg\u00eancia Especial n\u00ba 007/2021</b></span></span><span><span><span> Inclui na Ordem do Dia, em regime de Urg\u00eancia Especial, a seguinte mat\u00e9ria: Projeto de Lei Complementar n\u00b0 004/2021, de autoria do Poder Executivo, que \u201c</span></span></span><span><span><span><span>Autoriza o Poder Executivo Municipal a doar im\u00f3vel na forma que especifica e d\u00e1 outras provid\u00eancias.\u201d </span></span></span></span><span><span><span><b>- APROVADO</b></span></span></span></span></p>\r\n<p align=\"justify\"><span><span><strong><span><span><span>Projeto de Lei Complementar n\u00b0 004/2021 </span></span></span></strong><span><span><span>de autoria do Poder Executivo que \u201c</span></span></span><span><span><span><span>Autoriza o Poder Executivo Municipal a doar im\u00f3vel na forma que especifica e d\u00e1 outras provid\u00eancias.\u201d </span></span></span></span><span><span><span><b>- APROVADO</b></span></span></span></span></span></p>\r\n<p align=\"justify\"><span><strong><span><span><span><b>Requerimento de Urg\u00eancia Especial n\u00ba 008/2021</b></span></span></span></strong><strong><span><span><span> </span></span></span></strong><strong><span><span><span><span>Inclui na</span></span></span></span></strong><strong><span><span><span> </span></span></span></strong><span><span><span>Ordem do Dia de hoje, em regime de Urg\u00eancia Especial, nos termos do artigo 142, inciso I, letra b, e Inciso V, ambos do Regimento Interno, a seguinte mat\u00e9ria: </span></span></span><span><span><span><span>P</span></span></span></span><span><span><span><span><span>rojeto de L</span></span></span></span></span><span><span><span><span><span>ei</span></span></span></span></span><span><span><span><span><span> n\u00b0 020/2021, de autoria do </span></span></span></span></span><span><span><span><span><span>Vereador Valdeir Bezerra da Silva</span></span></span></span></span><span><span><span><span><span>, que </span></span></span></span></span><span><span><span><span>\u201c</span></span></span></span><span><span><span><span>D\u00e1 denomina\u00e7\u00e3o de \u201cCONCEI\u00c7\u00c3O JOS\u00c9 RIBEIRO\u201d \u00e0</span></span></span></span><span><span><span><span><span> via p\u00fablica da Vila Isolabela </span></span></span></span></span><span><span><span><span>que especifica e d\u00e1 outras provid\u00eancias</span></span></span></span><span><span><span><span>\u201d. </span></span></span></span><span><span><span><span><b>- APROVADO</b></span></span></span></span></span></p>\r\n<p align=\"justify\"><span><span><strong><span><span><span>Projeto de Lei n\u00b0 020/2021 </span></span></span></strong><span><span><span><span><span>de autoria do </span></span></span></span></span><span><span><span><span><span>Vereador Valdeir Bezerra da Silva</span></span></span></span></span><span><span><span><span><span>, que </span></span></span></span></span><span><span><span><span>\u201c</span></span></span></span><span><span><span><span>D\u00e1 denomina\u00e7\u00e3o de \u201cCONCEI\u00c7\u00c3O JOS\u00c9 RIBEIRO\u201d \u00e0</span></span></span></span><span><span><span><span><span> via p\u00fablica da Vila Isolabela </span></span></span></span></span><span><span><span><span>que especifica e d\u00e1 outras provid\u00eancias. </span></span></span></span><span><span><span><span><b>- APROVADO</b></span></span></span></span></span></span></p>\r\n<p align=\"justify\"><span><span><span><b>Requerimento de Urg\u00eancia Especial n\u00ba 009/2021</b></span></span><span><span><span><b> </b></span></span></span><strong><span><span><span><span>Inclui na </span></span></span></span></strong><span><span><span><span>Ordem do Dia de hoje, em regime de Urg\u00eancia Especial, nos termos do artigo 142, inciso I, letra b, e Inciso V, ambos do Regimento Interno, a seguinte mat\u00e9ria: </span></span></span></span><span><span><span><span><span>Projeto de L</span></span></span></span></span><span><span><span><span><span>ei</span></span></span></span></span><span><span><span><span><span> n\u00b0 021/2021, de autoria do </span></span></span></span></span><span><span><span><span><span>Vereador Roberto Rodrigues Job</span></span></span></span></span><span><span><span><span><span>, que \u201c</span></span></span></span></span><span><span><span><span><span>D\u00e1 denomina\u00e7\u00e3o de \u201cARGIA SIGOLI ZANONI\u201d \u00e0 via p\u00fablica da Vila Isolabela que especifica e d\u00e1 outras provid\u00eancias.</span></span></span></span></span><span><span><span><span><span>\u201d </span></span></span></span></span><span><span><span><span><b>- APROVADO</b></span></span></span></span></span></p>\r\n<p align=\"justify\"><span><span><strong><span><span><span>Projeto de Lei n\u00b0 021/2021 </span></span></span></strong><span><span><span><span><span>de autoria do </span></span></span></span></span><span><span><span><span><span>do </span></span></span></span></span><span><span><span><span><span>Vereador Roberto Rodrigues Job</span></span></span></span></span><span><span><span><span><span>, que \u201c</span></span></span></span></span><span><span><span><span><span>D\u00e1 denomina\u00e7\u00e3o de \u201cARGIA SIGOLI ZANONI\u201d \u00e0 via p\u00fablica da Vila Isolabela que especifica e d\u00e1 outras provid\u00eancias.</span></span></span></span></span><span><span><span><span><span>\u201d </span></span></span></span></span><span><span><span><span><b>- APROVADO</b></span></span></span></span></span></span></p>\r\n<p align=\"justify\">\u00a0</p>\r\n<ul>\r\n<li>\r\n<p align=\"justify\" class=\"western\"><span><span>Para assistir a sess\u00e3o na \u00edntegra, siga pelo link </span></span><span><span style=\"text-decoration: underline; \"><span><span>https://www.youtube.com/watch?v=GW4sEFYIMVY</span></span></span></span></p>\r\n</li>\r\n</ul>\r\n<p align=\"justify\" class=\"western\">\u00a0</p>\r\n<ul>\r\n<li>\r\n<p align=\"justify\" class=\"western\"><span><span>Acompanhe tamb\u00e9m nosso Canal do Youtube - </span></span><span><span><span>https://www.youtube.com/watch?v=AajHtelN310</span></span></span></p>\r\n</li>\r\n</ul>\r\n<p align=\"justify\">\u00a0</p>\r\n<p align=\"justify\">\u00a0</p>\r\n<p align=\"justify\">\u00a0</p>", "author_name": "administrador", "version": "1.0", "author_url": "https://www.camaraamericobrasiliense.sp.gov.br/author/administrador", "provider_name": "C\u00e2mara Municipal", "type": "rich"}