{"provider_url": "https://www.camaraamericobrasiliense.sp.gov.br", "title": "RESUMO SESS\u00c3O DO DIA 18/10", "html": "<p style=\"text-align: center; \"><br /><strong>INDICA\u00c7\u00d5ES</strong><br /><br /><strong>Indica\u00e7\u00e3o N\u00famero 239/2021 \u2013 Van do G\u00e1s</strong>:\u00a0 seja oficiado ao Excelent\u00edssimo Sr. Prefeito Municipal, solicitando de Sua Excel\u00eancia, entrar em entendimento com o setor competente no sentido <strong>providenciar um estudo de viabilidade para prover desconto no carn\u00ea de IPTU, para as resid\u00eancias que instalarem sistema de uso de energia solar.</strong><br /><br /><strong>Indica\u00e7\u00e3o N\u00famero 240/2021 - Van do G\u00e1s</strong>:\u00a0 seja oficiado ao Excelent\u00edssimo Sr. Prefeito Municipal, solicitando de Sua Excel\u00eancia, entrar em entendimento com o setor competente no sentido <strong>realizar pavimenta\u00e7\u00e3o na Rua Nelson Schwenke, no bairro Distrito Industrial 3.</strong> <br /><br /><strong>Indica\u00e7\u00e3o N\u00famero 241/2021 Bahia do Corte</strong>:\u00a0 seja oficiado ao Excelent\u00edssimo Senhor Prefeito Municipal, solicitando de Sua Excel\u00eancia, entrar em entendimento com o setor competente, no sentido de se <strong>plantar \u00e1rvores nos entornos da Par\u00f3quia Nossa Senhora Aparecida, localizada na Rua Capit\u00e3o Alberto Mendes J\u00fanior, n\u00ba 257.</strong><br /><br /><strong>Indica\u00e7\u00e3o N\u00famero 242/2021 \u2013Bahia do Corte</strong>: seja oficiado ao Excelent\u00edssimo Senhor Prefeito Municipal, solicitando de Sua Excel\u00eancia, entrar em entendimento com o setor competente, no sentido de<strong> analisar projeto educacional voltado \u00e0 substitui\u00e7\u00e3o dos professores generalistas contratados por processo seletivo para atuar na \u00e1rea de artes na rede p\u00fablica municipal por professores especialistas com forma\u00e7\u00e3o espec\u00edfica em artes para atuarem junto \u00e0s unidades escolares municipais.</strong><br /><br /><strong>Indica\u00e7\u00e3o N\u00famero 243/2021 \u2013 Leandro Mancha</strong> seja oficiado ao Excelent\u00edssimo Senhor Prefeito Municipal, solicitando de Sua Excel\u00eancia, entrar em entendimento com o setor competente, no sentido de <strong>prolongar o guard rail existente na Rua Benedito Nicolau Marino.</strong> <br /><br /><strong>Indica\u00e7\u00e3o N\u00famero 244/2021 \u2013 Leandro Mancha</strong>:\u00a0 seja oficiado ao Excelent\u00edssimo Senhor Prefeito Municipal, solicitando de Sua Excel\u00eancia, entrar em entendimento com o setor competente, no sentido de <strong>construir uma lombofaixa na Vicinal SP-257, na altura da entrada dos Jardim Maria Luiza e Jardim Primaveras.</strong><br /><br /><strong>Indica\u00e7\u00e3o N\u00famero 245/2021 \u2013Leandro Mancha</strong>:\u00a0 seja oficiado ao Excelent\u00edssimo Senhor Prefeito Municipal, solicitando de Sua Excel\u00eancia, entrar em entendimento com o setor competente, no sentido de <strong>dar sequ\u00eancia nas obras e restaura\u00e7\u00e3o da quadra do bairro Jardim Primaveras.</strong></p>\r\n<p style=\"text-align: center; \"><strong></strong><br /><strong>Indica\u00e7\u00e3o N\u00famero 246/2021 \u2013Z\u00e9 Roberto\u00a0 e Dega da Padaria</strong>: seja oficiado ao Exmo. Sr. Prefeito Municipal, solicitando de S/Exa., entrar em entendimento com o setor competente, no sentido de colocar ilumina\u00e7\u00e3o em toda a Pra\u00e7a \u201cEduardo Estevam\u201d, situada no bairro Residencial Alian\u00e7a, visto que no per\u00edodo noturno,\u00a0 a falta de ilumina\u00e7\u00e3o desta Pra\u00e7a favorece, demasiadamente, a possibilidade de furtos\u00a0 e oferece risco, tamb\u00e9m, aos moradores do entorno daquele local.<br /><br /><strong>REQUERIMENTOS</strong><br /><br /><strong>Requerimento N\u00famero 115/2021 \u2013 Cid\u00e3o Mineiro</strong>: seja oficiado ao Excelent\u00edssimo Sr. <strong>DIRCEU BR\u00c1S PANO</strong>, Dign\u00edssimo Prefeito Municipal, solicitando de Sua Excel\u00eancia, entrar em entendimento com o setor competente, a fim de informar a esta Casa de Leis, se os pr\u00e9dios das escolas municipais possuem o Auto de Vistoria do Corpo de Bombeiros (AVCB).<br /><br /><br /><strong>MO\u00c7\u00d5ES</strong><br /><br /><strong>Mo\u00e7\u00e3o n\u00famero 077/2021 \u2013 Z\u00e9 Roberto</strong>: seja registrado na Ata dos trabalhos de hoje, <strong>MO\u00c7\u00c3O DE CONGRATULA\u00c7\u00d5ES</strong> aos m\u00e9dicos do Munic\u00edpio, em comemora\u00e7\u00e3o ao \u201cDia do M\u00e9dico\u201d, que ocorre em 18 de outubro.</p>\r\n<p style=\"text-align: center; \"><br /><strong>Mo\u00e7\u00e3o n\u00famero 078/2021 - Leandro Mancha</strong>:\u00a0 <strong>MO\u00c7\u00c3O DE CONGRATULA\u00c7\u00d5ES</strong> aos organizadores do evento <strong>\u201cJOGO DOS CRAQUES\u201d</strong>, pelo empenho em trazer este evento, que aliou a solidariedade e amor ao pr\u00f3ximo com momentos de alegria e muita emo\u00e7\u00e3o\u00a0 proporcionados a toda a popula\u00e7\u00e3o .</p>\r\n<p style=\"text-align: center; \"><br /><strong>Mo\u00e7\u00e3o n\u00famero 079/2021- Leandro Mancha: MO\u00c7\u00c3O DE CONGRATULA\u00c7\u00d5ES \u00e0 \u201cDANIELLE CARMONA, FELIPE PRIOR, FEDRINHO MOURA E FELIPE JOIOSO\u201d</strong>, pela participa\u00e7\u00e3o no evento \u201cJogo dos Craques\u201d, proporcionando a muitas fam\u00edlias um dia de alegria e muita emo\u00e7\u00e3o, resultado do sentimento de solidariedade que tornou este dia poss\u00edvel.</p>\r\n<p style=\"text-align: center; \"><br /><strong>Mo\u00e7\u00e3o n\u00famero 80/2021 \u2013 Z\u00e9 Roberto:\u00a0 MO\u00c7\u00c3O DE CONGRATULA\u00c7\u00d5ES</strong> ao Exmo. Sr. <strong>LUIZINHO NOLI, DD. Prefeito Municipal</strong>, pela articula\u00e7\u00e3o que acarretou a vinda da empresa<strong> CAVAN</strong> para o munic\u00edpio de Santa L\u00facia-SP, que beneficiar\u00e1 sua popula\u00e7\u00e3o e a das demais cidades pr\u00f3ximas.</p>\r\n<p style=\"text-align: center; \"><br /><strong>Mo\u00e7\u00e3o n\u00famero 81/2021 \u2013 Diego Viveiros</strong>: voto de profundo pesar pelo falecimento da Senhora <strong>ANT\u00d4NIA MARTINS DA SILVA</strong>, ocorrido no dia 10 de outubro.</p>\r\n<p style=\"text-align: center; \"><br /><strong>Mo\u00e7\u00e3o n\u00famero 82/2021 \u2013 Diego Viveiros</strong>: voto de profundo pesar pelo falecimento da Senhora <strong>EM\u00cdLIA SEBASTIANA GALLI BORTOLLO</strong>, ocorrido no \u00faltimo dia 06.</p>\r\n<p style=\"text-align: center; \"><br /><strong>Mo\u00e7\u00e3o n\u00famero 83/2021 \u2013 Diego Viveiros</strong>: voto de profundo pesar pelo falecimento da Senhora <strong>NEUZA CONCEI\u00c7\u00c3O MARTIM</strong>, ocorrido no dia 17 de outubro.</p>\r\n<p style=\"text-align: center; \"><br /><strong>Mo\u00e7\u00e3o n\u00famero 84/2021 \u2013 Diego Viveiros</strong>: voto de profundo pesar pelo falecimento da Senhora <strong>ROSALINA APARECIDA LEITE PANO</strong>, ocorrido no dia 08 de outubro.<br /><br /><br /><strong>ORDEM DO DIA</strong></p>\r\n<p class=\"MsoNormal\" style=\"text-align:justify; \"><br />\u2022\u00a0\u00a0\u00a0 Reda\u00e7\u00e3o Final n\u00ba 005/2021- Aprovada<br />\u2022\u00a0\u00a0\u00a0 Projeto de Resolu\u00e7\u00e3o n\u00ba 003/2021- Vota\u00e7\u00e3o Prejudicada.<br /><strong>\u2022\u00a0\u00a0\u00a0 Reda\u00e7\u00e3o Final n\u00ba 006/2021- Aprovado</strong><br />\u2022\u00a0\u00a0\u00a0 Projeto de Lei n\u00ba 048/2021\u2013 Aprovado<br />\u2022\u00a0\u00a0\u00a0 Projeto de Lei n\u00ba 041/2021 - Aprovado (2\u00aa discuss\u00e3o)<br /><br /><br />\u2022\u00a0\u00a0\u00a0 Para assistir a Sess\u00e3o na \u00edntegra, siga pelo link https://www.youtube.com/watch?v=En3lR4AdHbU<br /><br />\u2022\u00a0\u00a0\u00a0 Acompanhe tamb\u00e9m nosso Canal do Youtube -</p>\r\n<p class=\"MsoNormal\" style=\"text-align:justify; \">\u00a0</p>\r\n<p class=\"MsoNormal\" style=\"text-align:justify; \">\u00a0</p>\r\n<p class=\"MsoNormal\" style=\"text-align:justify; \"><span class=\"LinkdaInternet\"><span>https://www.youtube.com/channel/UCXkHkbDa_IEDbrqOJT_CgKA</span></span><span></span></p>\r\n<p>\u00a0</p>", "author_name": "administrador", "version": "1.0", "author_url": "https://www.camaraamericobrasiliense.sp.gov.br/author/administrador", "provider_name": "C\u00e2mara Municipal", "type": "rich"}