{"provider_url": "https://www.camaraamericobrasiliense.sp.gov.br", "title": "RESUMO SESS\u00c3O DO DIA 19/04", "html": "<p>\u00a0</p>\r\n<p align=\"CENTER\"><span><span><b>INDICA\u00c7\u00d5ES</b></span></span></p>\r\n<p align=\"JUSTIFY\"><a name=\"_Hlk52271530\"></a><a name=\"_Hlk43209274\"></a> <span><span><b>Indica\u00e7\u00e3o N\u00famero </b></span></span><span><span><span><span><b>077</b></span></span></span></span><span><span><b>/2021 </b></span></span><span><span>-</span></span><span><span><b> </b></span></span><span><span><b>ALCIDES LUIS DE CARVALHO </b></span></span><span><span><span>s</span></span></span><span><span><span><span>eja oficiado ao Exmo. Sr. Prefeito Municipal, solicitando de S/ Exa. entrar em entendimento com o Departamento de Sa\u00fade, visando a aquisi\u00e7\u00e3o de testes r\u00e1pidos de COVID-19 para a popula\u00e7\u00e3o ameriliense.</span></span></span></span></p>\r\n<p align=\"JUSTIFY\"><span><span><b>Indica\u00e7\u00e3o N\u00famero 078/2021 </b></span></span><span><span>-</span></span><span><span><b> </b></span></span><span><span><b>ALCIDES LUIS DE CARVALHO</b></span></span><span><span><b> </b></span></span><span><span><span><span>seja oficiado ao Exmo. Sr. Prefeito Municipal, solicitando de S/ Exa. entrar em entendimento com o setor competente, no sentido de realizar o recapeamento de toda a extens\u00e3o da rua Alagoas, no bairro Sinh\u00e1 Prado Guimar\u00e3es.</span></span></span></span></p>\r\n<p align=\"JUSTIFY\"><a name=\"_Hlk522715302\"></a><a name=\"_Hlk432092741\"></a><a name=\"_Hlk4269387432\"></a> <span><span><span><b>Indica\u00e7\u00e3o N\u00famero </b></span></span></span><span><span><span><span><b>079</b></span></span></span></span><span><span><span><b>/2021 </b></span></span></span><span><span><span><span>-</span></span></span></span><span><span><span><b> </b></span></span></span><span><span><span><b>ALDEVAM LIMA ARA\u00daJO</b></span></span></span><span><span><span><b> </b></span></span></span><span><span><span><span>seja oficiado ao </span></span></span></span><span><span><span><span>Exmo. Sr. Prefeito Municipal, solicitando de S/ Exa. entrar em entendimento com o setor competente, no sentido de instalar um playground e uma academia ao livre na entrada do bairro Luiz Ometto (baixada da Sadia), em frente ao posto Ipiranga.</span></span></span></span></p>\r\n<p align=\"JUSTIFY\"><a name=\"_Hlk426938743\"></a> <span><span><span><b>Indica\u00e7\u00e3o N\u00famero </b></span></span></span><span><span><span><span><b>080</b></span></span></span></span><span><span><span><b>/2021 \u2013</b></span></span></span><span><span><span><b> </b></span></span></span><span><span><span><b>ALDEVAM LIMA ARA\u00daJO </b></span></span></span><span><span><span><span>seja oficiado ao</span></span></span></span><span><span><span><b> </b></span></span></span><span><span><span><span>Exmo. Sr. Prefeito Municipal, solicitando de S/ Exa. entrar em entendimento com o setor competente, no sentido de construir uma lombada na Rua Cust\u00f3dia Marcelino Marques, - localizada no bairro jardim Novo Am\u00e9rico, mais precisamente na altura do n</span></span></span></span><span><span><span><span><span>\u00ba</span></span></span></span></span><span><span><span><span>598, visto que a mencionada rua \u00e9 a principal via do bairro e j\u00e1 houve acidentes neste local.</span></span></span></span></p>\r\n<p align=\"JUSTIFY\"><span><span><b>Indica\u00e7\u00e3o N\u00famero </b></span></span><span><span><span><span><b>081</b></span></span></span></span><span><span><b>/2021 - </b></span></span><span><span><b>JOS\u00c9 M\u00c1RIO SILVA DOS ANJOS</b></span></span><span><span><span><span><b> </b></span></span></span></span><span><span><span><span><span> seja oficiado ao</span></span></span></span></span><span><span><span><span><b> </b></span></span></span></span><span><span><span><span><span>Exmo. Sr. Prefeito Municipal, solicitando de S/ Exa. entrar em entendimento com o setor competente, no sentido de realizar o cal\u00e7amento do passeio p\u00fablico na rua Luzia Delfino da Silva, localizada no bairro Jardim Luiz Ometto.</span></span></span></span></span></p>\r\n<p align=\"JUSTIFY\"><span><span><b>Indica\u00e7\u00e3o N\u00famero </b></span></span><span><span><span><span><b>082</b></span></span></span></span><span><span><b>/2021 \u2013 </b></span></span><span><span><b>JOS\u00c9 M\u00c1RIO SILVA DOS ANJOS </b></span></span><span><span><span>seja oficiado ao</span></span></span><span><span><b> </b></span></span><span><span><span><span><span>Exmo. Sr. Prefeito Municipal, solicitando de S/ Exa. entrar em entendimento com o setor competente, no sentido de se construir uma lombada na rua Jos\u00e9 Bezerra dos Anjos, no bairro Residencial Alian\u00e7a.</span></span></span></span></span></p>\r\n<p align=\"JUSTIFY\"><span><span><span><span><b>Indica\u00e7\u00e3o N\u00famero </b></span></span></span></span><span><span><span><span><span><b>083</b></span></span></span></span></span><span><span><span><span><b>/2021 \u2013 JOS\u00c9 M\u00c1RIO SILVA DOS ANJOS </b></span></span></span></span><span><span><span><span><span>seja oficiado ao</span></span></span></span></span><span><span><span><span><b> </b></span></span></span></span><span><span><span><span><span>Exmo. Sr. Prefeito Municipal, solicitando de S/ Exa. entrar em entendimento com o setor competente, no sentido de se construir uma passagem de pedestres concretada para interligar a alameda Aldo Lupo e o Recinto de Eventos.</span></span></span></span></span></p>\r\n<p align=\"JUSTIFY\"><span><span><span><span><b>Indica\u00e7\u00e3o N\u00famero </b></span></span></span></span><span><span><span><span><span><b>084</b></span></span></span></span></span><span><span><span><span><b>/2021 \u2013 </b></span></span></span></span><span><span><span><span><b>LEANDRO HENRIQUE MORALLES</b></span></span></span></span><span><span><span><span><span> seja oficiado ao Exmo. Sr. Prefeito Municipal, solicitando de S/ Exa. entrar em entendimento com o setor competente, no sentido de realizar passagem concretada, sob a linha f\u00e9rrea, que interliga a rua 05 com o ponto de \u00f4nibus localizado na ARA-010, pr\u00f3ximo ao estabelecimento V\u00f4 Films. </span></span></span></span></span></p>\r\n<p align=\"JUSTIFY\"><span><span><b>Indica\u00e7\u00e3o N\u00famero 0</b></span></span><span><span><span><span><b>85</b></span></span></span></span><span><span><b>/2021 \u2013</b></span></span><span><span> </span></span><span><span><b>LEANDRO HENRIQUE MORALLES </b></span></span><span><span><span>seja oficiado ao</span></span></span><span><span><b> </b></span></span><span><span><span><span><span>Exmo. Sr. Prefeito Municipal, solicitando de S/ Exa. entrar em entendimento com o setor competente, no sentido de realizar a manuten\u00e7\u00e3o da ilumina\u00e7\u00e3o e limpeza da Prava da Amizade, no bairro Jardim Vista Alegre.</span></span></span></span></span></p>\r\n<p align=\"JUSTIFY\"><span><span><span><b>Indica\u00e7\u00e3o N\u00famero </b></span></span></span><span><span><span><span><b>086</b></span></span></span></span><span><span><span><b>/2021 \u2013</b></span></span></span><span><span><span><b> </b></span></span></span><span><span><span><b>LEANDRO HENRIQUE MORALLES</b></span></span></span><span><span><span><b> </b></span></span></span><span><span><span><span>seja oficiado ao</span></span></span></span><span><span><span><b> </b></span></span></span><span><span><span><span>Exmo. Sr. Prefeito Municipal, solicitando de S/ Exa. entrar em entendimento com o setor competente, no sentido de realizar um estudo de melhoria no tr\u00e2nsito do cruzamento da Rua Eug\u00eanio Voltarel com a Rua Ribeiro de Barros.</span></span></span></span></p>\r\n<p align=\"JUSTIFY\"><span><span><b>Indica\u00e7\u00e3o N\u00famero </b></span></span><span><span><span><span><b>087</b></span></span></span></span><span><span><b>/2021 - </b></span></span><span><span><span><span><b>MARLY LUZIA HELD PAV\u00c3O </b></span></span></span></span><span><span><span><span>seja oficiado ao Exmo. Sr. Prefeito Municipal, solicitando de S/Exa., envidar esfor\u00e7os no sentido de realizar a pavimenta\u00e7\u00e3o da rua Nicolau Carneiro Le\u00e3o, entre as avenidas Princesa Isabel e Am\u00e9lia Colombo Dias.</span></span></span></span></p>\r\n<p align=\"JUSTIFY\"><span><span><span><b>Indica\u00e7\u00e3o N\u00famero 0</b></span></span></span><span><span><span><span><b>88</b></span></span></span></span><span><span><span><b>/2021 </b></span></span></span><span><span><span><b>\u2013 </b></span></span></span><span><span><span><span><b>MARLY LUZIA HELD PAV\u00c3O</b></span></span></span></span><span><span><span><span><b> </b></span></span></span></span><span><span><span><span><span>seja oficiado</span></span></span></span></span><span><span><span><span><b> </b></span></span></span></span><span><span><span><span><span>ao Exmo. Sr. Prefeito Municipal, solicitando de S/Exa., envidar esfor\u00e7os no sentido de realizar testes de Covid-19 em massa na popula\u00e7\u00e3o, dividindo o atendimento por bairros, visando a preven\u00e7\u00e3o e tratamento precoce dos efeitos da infec\u00e7\u00e3o viral. </span></span></span></span></span></p>\r\n<p align=\"JUSTIFY\"><span><span><span><b>Indica\u00e7\u00e3o N\u00famero</b></span></span></span><span><span><b> </b></span></span><span><span><span><span><b>089</b></span></span></span></span><span><span><b>/2021 \u2013 </b></span></span><span><span><b>V</b></span></span><span><span><span><span><b>ALDEIR BEZERRA DA SILVA seja oficiado ao </b></span></span></span></span><span><span><span><span><span>Exmo. Sr. Prefeito Municipal, solicitando de S/Exa., entrar em entendimento com o setor competente, solicitando a implanta\u00e7\u00e3o da ilumina\u00e7\u00e3o da quadra e do playground localizados no bairro jardim Para\u00edso.</span></span></span></span></span></p>\r\n<p align=\"JUSTIFY\"><span><span><span><span><b>Indica\u00e7\u00e3o N\u00famero</b></span></span></span></span><span><span><span><span><b> 090/2021 \u2013 VALDEIR BEZERRA DA SILVA </b></span></span></span></span><span><span><span><span><span>seja oficiado ao</span></span></span></span></span><span><span><span><span><b> </b></span></span></span></span><span><span><span><span><span>Exmo. Sr. Prefeito Municipal, solicitando de S/Exa., entrar em entendimento com o setor competente, solicitando do mesmo colocar ilumina\u00e7\u00e3o e realizar a limpeza de mato na continua\u00e7\u00e3o da Rua Capit\u00e3o Alberto Mendes J\u00fanior, pr\u00f3ximo Escola Estadual - E.E. Doutor Alberto Alves Rollo, nas proximidades do cruzamento com a Avenida Princesa Isabel, localizada no bairro Jardim Bela Vista.</span></span></span></span></span></p>\r\n<p align=\"JUSTIFY\"><span><span><span><span><b>Indica\u00e7\u00e3o N\u00famero</b></span></span></span></span><span><span><span><span><b> 091/2021 \u2013 VALDEIR BEZERRA DA SILVA </b></span></span></span></span><span><span><span><span><span>seja oficiado ao</span></span></span></span></span><span><span><span><span><b> </b></span></span></span></span><span><span><span><span><span>Exmo. Sr. Prefeito Municipal, solicitando de S/ Exa. entrar em entendimento com o setor competente, no sentido de colocar ilumina\u00e7\u00e3o p\u00fablica e cal\u00e7amento no prolongamento da rua Jos\u00e9 Nigro (que interliga os bairros Vila Cerqueira e Luiz Ometto II) para melhorar a seguran\u00e7a dos pedestre, principalmente no hor\u00e1rio noturno.</span></span></span></span></span></p>\r\n<p align=\"JUSTIFY\">\u00a0<span>\u00a0</span></p>\r\n<p align=\"CENTER\"><span><span><span><b>REQUERIMENTOS</b></span></span></span></p>\r\n<p align=\"JUSTIFY\"><span><span><b><span>Requerimento N\u00famero 0</span></b></span></span><span><span><span><span><b><span>50</span></b></span></span></span></span><span><span><b><span>/2021 \u2013</span></b></span></span><span><span> </span></span><span><span><span><span><b>ALCIDES LUIS DE CARVALHO </b></span></span></span></span><span><span><span><span><span>seja oficiado ao Exmo. Sr. DIRCEU BRAS PANO, DD. Prefeito Municipal, solicitando de S/Exa., entrar em entendimento com o Departamento de Sa\u00fade e informar a esta Casa de Leis como est\u00e1 sendo feito o acompanhamento dos casos leves positivados pela Covid-19 e qual a periodicidade desse acompanhamento.</span></span></span></span></span></p>\r\n<p align=\"JUSTIFY\"><span><span><span><b><span>Requerimento N\u00famero 0</span></b></span></span></span><span><span><span><span><b><span>51</span></b></span></span></span></span><span><span><span><b><span>/2021 \u2013</span></b></span></span></span><span><span><span><span><b>D</b></span></span></span></span><span><span><span><span><b>IEGO RODRIGUES DE SOUZA</b></span></span></span></span><span><span><span><span> seja oficiado ao Exmo. Sr. DIRCEU BRAS PANO, DD. Prefeito Municipal, solicitando de S/Exa.: 1 - Encaminhar rela\u00e7\u00e3o de todos os estudantes atualmente contratados para est\u00e1gio profissional no \u00e2mbito da Prefeitura Municipal de Am\u00e9rico Brasiliense, informando em quais departamentos/setores est\u00e3o lotados e quais os per\u00edodos de vig\u00eancia dos respectivos contratos individuais; e 2 - Informar a quantidade de solicita\u00e7\u00f5es recebidas no setor de protocolo para est\u00e1gio profissional na Prefeitura Municipal, nos \u00faltimos 12 (doze) meses.</span></span></span></span></p>\r\n<p align=\"JUSTIFY\"><span><span><span><b><span>Requerimento N\u00famero 05</span></b></span></span></span><span><span><span><span><b><span>2</span></b></span></span></span></span><span><span><span><b><span>/2021 \u2013</span></b></span></span></span><span><span><span><span><b><span>JOS\u00c9 M\u00c1RIO SILVA DOS ANJOS - </span></b></span></span></span></span><span><span><span><b> </b></span></span></span><span><span><span><span>Retirado pelo autor.</span></span></span></span></p>\r\n<p align=\"JUSTIFY\"><span><span><span><b><span>Requerimento N\u00famero 053/2021 \u2013</span></b></span></span></span><span><span><span><b> </b></span></span></span><span><span><span><span><b><span>JOS\u00c9 M\u00c1RIO SILVA DOS ANJOS</span></b></span></span></span></span><span><span><span><span><b> </b></span></span></span></span><span><span><span><span><span>seja oficiado ao Exmo. Sr. DIRCEU BRAS PANO, DD. Prefeito Municipal, solicitando de S/Exa., informar a esta Casa de Leis se existe algum projeto para utiliza\u00e7\u00e3o do terreno localizado entre as ruas Maria Madalena de Godoi dos Anjos, Luzia Delfino da Silva e avenida Guimar\u00e3es Pinheiro de Freitas e tamb\u00e9m, o terreno localizado entre a avenida Santo Ant\u00f4nio e a rua Manoel Jos\u00e9 Pires, ambos pertencentes ao Munic\u00edpio;</span></span></span></span></span></p>\r\n<p align=\"JUSTIFY\"><span><span><span><span><b><span>Requerimento N\u00famero 054/2021 \u2013</span></b></span></span></span></span><span><span><span><span><b> </b></span></span></span></span><span><span><span><span><b><span>JOS\u00c9 M\u00c1RIO SILVA DOS ANJOS</span></b></span></span></span></span><span><span><span><span><b> </b></span></span></span></span><span><span><span><span><span>seja oficiado ao </span></span></span></span></span><strong><span><span><span><span><span>Exmo. Sr. </span></span></span></span></span></strong><strong><span><span><span><span>DIRCEU BR\u00c1S PANO</span></span></span></span></strong><strong><span><span><span><span><span>, DD. Prefeito Municipal, solicitando de S/Exa., informar a esta Casa de Leis o que segue: 1 - H\u00e1 previs\u00e3o para recoloca\u00e7\u00e3o do toldo, assentos, banheiro qu\u00edmico e grades de prote\u00e7\u00e3o, para maior comodidade dos usu\u00e1rios da referida ag\u00eancia? 2 - </span></span></span></span></span></strong><strong><span><span><span><span>Quais os custos com a \u00faltima coloca\u00e7\u00e3o?</span></span></span></span></strong></p>\r\n<p align=\"JUSTIFY\"><span><span><span><span><b><span>Requerimento N\u00famero 055/2021 \u2013</span></b></span></span></span></span><span><span><span><span><b> </b></span></span></span></span><span><span><span><span><b>LEANDRO HENRIQUE MORALLES</b></span></span></span></span><span><span><span><span><b> </b></span></span></span></span><strong><span><span><span><span><span>seja oficiado ao Exmo. Sr. </span></span></span></span></span></strong><strong><span><span><span><span>DIRCEU BR\u00c1S PANO</span></span></span></span></strong><strong><span><span><span><span><span>, DD. Prefeito Municipal, solicitando de S/Exa., entrar em entendimento com o Setor de Engenharia de Seguran\u00e7a do Trabalho e informar a esta Casa de Leis o que segue: 1 - </span></span></span></span></span></strong><strong><span><span><span><span>Quais medidas foram adotadas para refor\u00e7ar a seguran\u00e7a de todos os funcion\u00e1rios, de todos os departamentos, do Poder Executivo; 2 - O Departamento de Seguran\u00e7a do Trabalho vem realizando monitoramento nas condi\u00e7\u00f5es de trabalho dos funcion\u00e1rios da Prefeitura Municipal, especialmente nas fun\u00e7\u00f5es que est\u00e3o mais expostas \u00e0 contamina\u00e7\u00e3o do COVID-19? 3 - O Laudo T\u00e9cnico das Condi\u00e7\u00f5es Ambientais de Trabalho \u2013 LTCAT, foi atualizado devido \u00e0 mudan\u00e7a nas condi\u00e7\u00f5es ambientais do trabalho, especialmente na \u00e1rea de sa\u00fade? Se sim, enviar os laudos emitidos antes e depois da pandemia; 4 - Enviar c\u00f3pia, para efeitos de compara\u00e7\u00e3o, do Programa de Preven\u00e7\u00e3o e Riscos Ambientais \u2013 PPRA, referente aos anos de 2018, 2019 e 2020, de todos os Departamentos da Prefeitura Municipal; 5 - Enviar c\u00f3pias dos relat\u00f3rios que contenham as entregas dos EPI\u00b4s de todos os Departamentos do Executivo Municipal.</span></span></span></span></strong></p>\r\n<p align=\"JUSTIFY\"><span><span><span><span><b><span>Requerimento N\u00famero 056/2021 \u2013</span></b></span></span></span></span><span><span><span><span><b> </b></span></span></span></span><span><span><span><span><b>MARLY LUZIA HELD PAV\u00c3O </b></span></span></span></span><span><span><span><span><span>seja oficiado ao Exmo. Sr. </span></span></span></span></span><span><span><span><span><b>DIRCEU BR\u00c1S PANO</b></span></span></span></span><span><span><span><span><span>, DD. Prefeito Municipal, solicitando de S/Exa. entrar em entendimento com </span></span></span></span></span><span><span><span><span><span>o setor competente</span></span></span></span></span><span><span><span><span><span>, no sentido </span></span></span></span></span><span><span><span><span><span>de</span></span></span></span></span><span><span><span><span><span> enviar a esta Casa de Leis, c\u00f3pia d</span></span></span></span></span><span><span><span><span><span>os documentos referentes a licita\u00e7\u00e3o da obra na pra\u00e7a \u201cJos\u00e9 Roncalli\u201d, localizada entre a rua Padre Francisco Culturato, e as avenidas Nicolau Spadafora e Jos\u00e9 Zilioli, e Alameda Aldo Lupo, no bairro Vila Cerqueira, em Am\u00e9rico Brasiliense, com a empresa </span></span></span></span></span><span><span><span><span><i><span>Loja Flex Exclusivo em Aparelhos Fitness e Playground \u2013 SP \u2013 EIRELI</span></i></span></span></span></span><span><span><span><span><span>, cujo valor \u00e9 de R$ 211.954,00 (duzentos e onze mil, novecentos e cinquenta e quatro reais)</span></span></span></span></span><span><span><span><span><span>.</span></span></span></span></span></p>\r\n<p align=\"JUSTIFY\">\u00a0</p>\r\n<p align=\"CENTER\"><span><span><span><b>MO\u00c7\u00c3O</b></span></span></span></p>\r\n<p align=\"JUSTIFY\">\u00a0<span><b>Mo\u00e7\u00e3o n\u00famero 019/2021 - DIEGO RODRIGUES DE SOUZA MO\u00c7\u00c3O DE CONGRATULA\u00c7\u00d5ES </b></span><span>para com a empresa LUPO S.A. na pessoa de sua Diretora-Presidente Sra. Liliana Aufiero, expandida a toda diretoria e colaboradores, pelos 100 anos de sua funda\u00e7\u00e3o, comemorados no \u00faltimo dia 21 de mar\u00e7o, auspiciando-lhes ainda mais \u00eaxito nos pr\u00f3ximos anos desta insigne empresa.</span></p>\r\n<p align=\"JUSTIFY\">\u00a0<span><b>Mo\u00e7\u00e3o n\u00famero 020/2021 - DIEGO RODRIGUES DE SOUZA </b></span><span><b> </b></span><span>seja consignado na ata dos trabalhos de hoje, voto de profundo pesar pelo falecimento do Senhor LUIZ CARLOS OLIVEIRA, ocorrido no \u00faltimo dia 14.</span></p>\r\n<p align=\"JUSTIFY\">\u00a0<span><b>Mo\u00e7\u00e3o n\u00famero 021/2021 - DIEGO RODRIGUES DE SOUZA </b></span><span><b> </b></span><span>seja consignado na ata dos trabalhos de hoje, voto de profundo pesar pelo falecimento do Senhor </span><span>\u00cdTALO DELLA ROVERE</span><span>, ocorrido no \u00faltimo dia 16.</span></p>\r\n<p align=\"JUSTIFY\">\u00a0<span><b>Mo\u00e7\u00e3o n\u00famero 022/2021 - DIEGO RODRIGUES DE SOUZA </b></span><span><b> </b></span><span>seja consignado na ata dos trabalhos de hoje, voto de profundo pesar pelo falecimento do Senhor JOS\u00c9 LOPES MORAES, ocorrido no \u00faltimo dia 09.</span></p>\r\n<p align=\"JUSTIFY\">\u00a0<span><b>Mo\u00e7\u00e3o n\u00famero 023/2021 - </b></span><span><b>LEANDRO HENRIQUE MORALLES</b></span><span><b> MO\u00c7\u00c3O DE CONGRATULA\u00c7\u00d5ES E APLAUSOS </b></span><span>ao Ilmo. Sr. Divaldo de Camargo Pereira, DD. Ex-Vereador da C\u00e2mara Municipal de Am\u00e9rico Brasiliense, por intermediar o recebimento da verba que tornou poss\u00edvel a obra de extens\u00e3o da Rua Jos\u00e9 Nigro.</span></p>\r\n<p align=\"JUSTIFY\">\u00a0<span><b>Mo\u00e7\u00e3o n\u00famero 024/2021 - </b></span><span><b>LEANDRO HENRIQUE MORALLES MO\u00c7\u00c3O DE CONGRATULA\u00c7\u00d5ES E APLAUSOS </b></span><span>para com os Ilmos. Srs. Paulo Abi Jaudi, Cid\u00e3o Mineiro, Bahia do Corte, Diego Viveiros e Marly Pav\u00e3o pelo ato nobre e solid\u00e1rio com doa\u00e7\u00e3o e arrecada\u00e7\u00e3o de cilindros de oxig\u00eanio destinados ao setor de sa\u00fade do munic\u00edpio de Am\u00e9rico Brasiliense.</span></p>\r\n<p align=\"JUSTIFY\">\u00a0<span><b>Mo\u00e7\u00e3o n\u00famero 025/2021 - DIEGO RODRIGUES DE SOUZA </b></span><span>seja consignado na ata dos trabalhos de hoje, voto de profundo pesar pelo falecimento do Senhor JOS\u00c9 ANT\u00d4NIO CARLESCI, ocorrido no \u00faltimo dia 13.</span></p>\r\n<p align=\"JUSTIFY\">\u00a0<span><b>Mo\u00e7\u00e3o n\u00famero 026/2021 - </b></span><span><b>ALCIDES LUIS DE CARVALHO </b></span><span>seja consignado na ata dos trabalhos de hoje, voto de profundo pesar pelo falecimento do Senhor</span><span> OZ\u00d3RIO APARECIDO SPINELLI</span><span>, ocorrido no \u00faltimo dia 16.</span></p>\r\n<p align=\"CENTER\">\u00a0</p>\r\n<p align=\"CENTER\"><span><span><b>Mat\u00e9rias constantes da Ordem do Dia</b></span></span></p>\r\n<p align=\"CENTER\">\u00a0</p>\r\n<p align=\"JUSTIFY\"><span><span><b>Requerimento de </b></span></span><span><span><span><span><b>Retirada de Proposi\u00e7\u00e3o n\u00ba </b></span></span></span></span><span><span><b>003/2021</b></span></span><span><span><span> </span></span></span><span><span><span><span><span>Solicita a retirada do Projeto de Lei n\u00ba 017/2021.</span></span></span></span></span><span><span><span><span> </span></span></span></span><span><span><b>- APROVADO</b></span></span></p>\r\n<p align=\"JUSTIFY\">\u00a0</p>\r\n<p align=\"JUSTIFY\"><strong><span><span><span><span><span><b>Projeto de Lei n\u00b0 017/2021 \u2013 Vereador Jos\u00e9 M\u00e1rio Silva dos Anjos </b></span></span></span></span></span></strong><span><span><span>Disp\u00f5e \u00e0s Academias voltadas para a pr\u00e1tica de Exerc\u00edcios F\u00edsicos e Estabelecimentos Similares como sendo Atividade Essencial \u00e0 sa\u00fade durante o per\u00edodo de calamidade p\u00fablica no munic\u00edpio de Am\u00e9rico Brasiliense. </span></span></span><strong><span><span><span><span><span><span> - </span></span></span></span></span></span></strong><strong><span><span><span><span><span><b>PREJUDICADO</b></span></span></span></span></span></strong></p>\r\n<p align=\"JUSTIFY\">\u00a0<span>\u00a0</span></p>\r\n<ul>\r\n<li>\r\n<p align=\"JUSTIFY\"><span><span>Para assistir a sess\u00e3o na \u00edntegra, siga pelo link </span></span><span><span><span style=\"text-decoration: underline; \"><span><span>https://www.youtube.com/watch?v=9J8SamwZ3dc</span></span></span></span></span></p>\r\n</li>\r\n</ul>\r\n<p align=\"JUSTIFY\">\u00a0</p>\r\n<ul>\r\n<li>\r\n<p align=\"JUSTIFY\"><span><span>Acompanhe tamb\u00e9m nosso Canal do Youtube - </span></span><span><span><a href=\"https://www.youtube.com/channel/UCXkHkbDa_IEDbrqOJT_CgKA\"><span><span><span><span>https://www.youtube.com/channel/UCXkHkbDa_IEDbrqOJT_CgKA</span></span></span></span></a></span></span><span><span>\u00a0</span></span></p>\r\n</li>\r\n</ul>\r\n<p align=\"JUSTIFY\">\u00a0</p>\r\n<p align=\"JUSTIFY\">\u00a0</p>\r\n<p align=\"JUSTIFY\">\u00a0</p>", "author_name": "administrador", "version": "1.0", "author_url": "https://www.camaraamericobrasiliense.sp.gov.br/author/administrador", "provider_name": "C\u00e2mara Municipal", "type": "rich"}