{"provider_url": "https://www.camaraamericobrasiliense.sp.gov.br", "title": "RESUMO SESS\u00c3O DO DIA 24/06", "html": "<p align=\"JUSTIFY\" class=\"western\" style=\"text-align: center; \"><strong>Resumo das proposi\u00e7\u00f5es apresentadas:</strong></p>\r\n<p align=\"center\"><span><span><b><br /></b></span></span></p>\r\n<p align=\"center\"><span><span><b>INDICA\u00c7\u00d5ES</b></span></span></p>\r\n<p align=\"justify\" class=\"western\"><a name=\"_Hlk52271530\"></a><a name=\"_Hlk43209274\"></a> <span><span><b>Indica\u00e7\u00e3o N\u00famero 136/2021 </b></span></span><span><span>-</span></span><span><span><b> </b></span></span><span><span><b>ALCIDES LUIS DE CARVALHO: </b></span></span><span><span><span>seja</span></span></span><span><span><b> </b></span></span><span><span><span><span><span>oficiado ao Excelent\u00edssimo Sr. Prefeito Municipal, solicitando de Sua Excel\u00eancia, entrar em entendimento com o setor competente, no sentido de </span></span></span></span></span><span><span><span><span><b>colocar um \u201cbra\u00e7o\u201d de ilumina\u00e7\u00e3o no poste existente na Rua Jos\u00e9 Ant\u00f4nio Laurindo, mais precisamente na altura do n\u00ba 91.</b></span></span></span></span></p>\r\n<p align=\"justify\" class=\"western\"><a name=\"_Hlk522715301\"></a><a name=\"_Hlk432092742\"></a> <span><span><span><span><b>Indica\u00e7\u00e3o N\u00famero 137/2021 - </b></span></span></span></span><span><span><span><span><b>ALCIDES LUIS DE CARVALHO: </b></span></span></span></span><span><span><span><span><span>seja</span></span></span></span></span><span><span><span><span><b> </b></span></span></span></span><span><span><span><span><span>oficiado ao Excelent\u00edssimo Sr. Prefeito Municipal, solicitando de Sua Excel\u00eancia, entrar em entendimento com o setor competente no sentido de se </span></span></span></span></span><span><span><span><span><b>construir lombada na rua Par\u00e1, altura do n\u00ba 40, no bairro Sinh\u00e1 Prado Guimar\u00e3es</b></span></span></span></span><span><span><span><span><span>. </span></span></span></span></span><span><span><span><span><b>INDICO tamb\u00e9m, </b></span></span></span></span><span><span><span><span><span>que sejam </span></span></span></span></span><span><span><span><span><b>constru\u00eddas lombadas na ruas Jos\u00e9 Sarti, na altura do n\u00ba 120, e Ant\u00f4nio Barbieri, na altura do im\u00f3vel 98, ambas no bairro Jardim S\u00e3o Jos\u00e9 I</b></span></span></span></span><span><span><span><span><span>.</span></span></span></span></span></p>\r\n<p align=\"justify\"><a name=\"_Hlk522715302\"></a> <span><span><span><b>Indica\u00e7\u00e3o N\u00famero 138/2021 </b></span></span><span><span><b>\u2013</b></span></span><span><span><b> </b></span></span><span><span><span><span><b>ALDEVAM LIMA DE ARA\u00daJO</b></span></span></span></span><span><span><b>:</b></span></span><span><span><span> </span></span></span><span><span><span>seja </span></span></span><span><span><span>oficiado ao Excelent\u00edssimo Sr. Prefeito Municipal, solicitando de Sua Excel\u00eancia, entrar em entendimento com o setor competente no sentido de </span></span></span><span><span><b>realizar a troca e deslocamento de postes, na altura do n\u00ba 55, na rua Ana pinto Santa Maria, no bairro Jardim Maria Luiza</b></span></span><span><span><span>; </span></span></span><span><b>INDICO tamb\u00e9m, </b></span><span>que seja </span><span><b>realizada a troca e deslocamento de postes, na avenida Roque Simonetti, na altura do n\u00ba 72, no bairro Jardim Lu\u00eds Ometto I.</b></span><span> </span><span><span><b><span>INDICO ainda</span></b></span></span><span><span><span><span>, que seja </span></span></span></span><span><span><b><span>realizada a troca dos postes, na altura do n\u00ba 55 e 82, a rua Amabile Mariani Furlan, no bairro Jardim S\u00e3o Jos\u00e9</span></b></span></span><span><span><span><span>.</span></span></span></span></span></p>\r\n<p align=\"justify\" class=\"western\"><a name=\"_Hlk432092741\"></a> <span><span><span><b>Indica\u00e7\u00e3o N\u00famero </b></span></span></span><span><span><b>139</b></span></span><span><span><span><b>/2021 </b></span></span></span><span><span><span><b>\u2013</b></span></span></span><span><span><span><b> </b></span></span></span><span><span><span><span><b>JOS\u00c9 M\u00c1RIO SILVA DOS ANJOS</b></span></span></span></span><span><span><span><b>:</b></span></span></span><span><span> </span></span><span><span><span>seja oficiado ao Excelent\u00edssimo Sr. Prefeito Municipal, solicitando de Sua Excel\u00eancia entrar em entendimento com o setor competente, no sentido de </span></span></span><span><span><span><b>prolongar o estacionamento (vertical), nas proximidades da Igreja Evang\u00e9lica, </b></span></span></span><span><span><span>situada na Rua Am\u00e9lia Frigeri Manzine, passando de frente \u00e0 Academia. </span></span></span><span><span><span><b>INDICO ainda, </b></span></span></span><span><span><span><span>que no mencionado estacionamento, sejam inclu\u00eddas vagas para estacionamento de motos.</span></span></span></span></p>\r\n<p align=\"justify\"><span><span><span><span><span><b>Indica\u00e7\u00e3o N\u00famero </b></span></span></span><span><span><b>140</b></span></span><span><span><span><b>/2021 \u2013 </b></span></span></span><span><span><span><span><b>JOS\u00c9 M\u00c1RIO SILVA DOS ANJOS</b></span></span></span></span><span><span><span><b>:</b></span></span></span><span><span><span><span> </span></span></span></span><span><span><span><span>seja oficiado ao Excelent\u00edssimo Sr. Prefeito Municipal, solicitando de Sua Excel\u00eancia entrar em entendimento com o setor competente, no sentido de </span></span></span></span><span><span><span><b>realizar o plantio de \u00e1rvores na \u00e1rea verde localizada pr\u00f3ximo ao Centro Recreativo \u201cBas\u00edlio Quadrado\u201d,</b></span></span></span><span><span><span><span> na Rua Luiza Delfina da Silva.</span></span></span></span></span></span></p>\r\n<p align=\"justify\">\u00a0</p>\r\n<p align=\"justify\" class=\"western\"><span><span><b>Indica\u00e7\u00e3o N\u00famero 141/2021 \u2013 </b></span></span><span><span><span><span><b>JOS\u00c9 ROBERTO DE ANDRADE</b></span></span></span></span><span><span><b>: </b></span></span><span><span><span><span>seja </span></span></span></span><span><span><span><span>oficiado ao Excelent\u00edssimo Sr. Prefeito Municipal, solicitando de Sua Excel\u00eancia, entrar em entendimento com o setor competente, no sentido de </span></span></span></span><span><span><span><b>colocar 02 (duas) lixeiras nos arredores da pista de caminhada, </b></span></span></span><span><span><span><span>situada no Centro Esportivo do </span></span></span></span><span><span><span><span>bairro Jardim Primaveras.</span></span></span></span></p>\r\n<p align=\"justify\"><span><span><span><span><b>Indica\u00e7\u00e3o N\u00famero 142/2021 \u2013 </b></span></span><span><span><span><b>LEANDRO HENRIQUE MORALLES</b></span></span></span><span><span><span><b>: </b></span></span></span><span><span><b> </b></span></span><span><span><span><span>seja oficiado ao Excelent\u00edssimo Sr. Prefeito Municipal, solicitando de Sua Excel\u00eancia, entrar em entendimento com o setor competente no sentido de se </span></span></span></span><span><span><span><b>colocar ilumina\u00e7\u00e3o no trecho no lado par da via, onde se encontram as f\u00e1bricas, no bairro Jardim Vista Alegre.</b></span></span></span></span></span></p>\r\n<p align=\"justify\">\u00a0</p>\r\n<p align=\"justify\" class=\"western\"><span><span><b>Indica\u00e7\u00e3o N\u00famero</b></span></span><span><span><b> 143/2021 \u2013 </b></span></span><span><span><span><b>LEANDRO HENRIQUE MORALLES</b></span></span></span><span><span><b>: </b></span></span><span><span><span><b> </b></span></span></span><span><span><span><span>seja oficiado ao Excelent\u00edssimo Sr. Prefeito Municipal, solicitando de Sua Excel\u00eancia, </span></span></span></span><span><span><span><b>entrar em entendimento com a Concession\u00e1ria respons\u00e1vel pela Vicinal Pedro Pano, com o objetivo de implantar acostamento nesse local</b></span></span></span><span><span><span><span>.</span></span></span></span></p>\r\n<p align=\"justify\"><a name=\"__DdeLink__871_1596055209\"></a> <span><span><span><span><b>Indica\u00e7\u00e3o N\u00famero 144/2021 \u2013 </b></span></span><span><span><span><span><b>MARLY LUZIA HELD PAV\u00c3O</b></span></span></span></span><span><span><b>: </b></span></span><span><span><span><span>seja oficiado ao Excelent\u00edssimo Sr. Prefeito Municipal, solicitando de Sua Excel\u00eancia, entrar em entendimento com o setor competente no sentido de </span></span></span></span><span><span><span><b>ser feito um levantamento de todas as \u00e1rvores que est\u00e3o com cupim ou suas ra\u00edzes est\u00e3o invadindo as resid\u00eancias, causando grandes abalos em suas estruturas</b></span></span></span><span><span><span><span>, </span></span></span></span><span><span><span><b>para que sejam cortadas e seja feito o replantio</b></span></span></span><span><span><span><span> de outra de esp\u00e9cie que n\u00e3o causa problemas nas cal\u00e7adas, de modo a manter a arboriza\u00e7\u00e3o de nossas vias p\u00fablicas. </span></span></span></span><span><span><b>INDICO </b></span></span><span><span><b>ainda,</b></span></span><span><span> entrar em entendimento com o setor municipal competente, visando o </span></span><span><span><b>corte das \u00e1rvores que est\u00e3o com os problemas acima apontados, localizadas na Avenida Am\u00e9lia Colombo Dias, n\u00ba 220, defronte \u00e0 resid\u00eancia, da Sra. LOURDES ELIAS LUPPI, e Rua Joaquim Justo, n\u00ba 120, no Bairro S\u00e3o Judas Tadeu, em frente ao Bar do Arnol</b></span></span><span><span>.</span></span></span></span></p>\r\n<p align=\"justify\"><a name=\"__DdeLink__871_15960552091\"></a> <span><span><span><span><b>Indica\u00e7\u00e3o N\u00famero 145/2021 \u2013 </b></span></span><span><span><span><span><b>SILAS FERNANDES PINTO</b></span></span></span></span><span><span><b>:</b></span></span><span><span><span> </span></span></span><span><span><span><span>seja </span></span></span></span><span><span><span><span>oficiado ao Excelent\u00edssimo Sr. Prefeito Municipal, solicitando de Sua Excel\u00eancia, entrar em entendimento com o setor competente no sentido de </span></span></span></span><span><span><span><b>verificar a possibilidade de se </b></span></span></span><span><span><span><span><b>realizar</b></span></span></span></span><span><span><span><b> Feira Livre no bairro Jardim Luiz Ometto, assim como \u00e9 </b></span></span></span><span><span><span><span><b>feita</b></span></span></span></span><span><span><span><b> em frente a antiga esta\u00e7\u00e3o de trem.</b></span></span></span></span></span></p>\r\n<p align=\"justify\"><span><span><span><span><b>Indica\u00e7\u00e3o N\u00famero 146/2021 \u2013 </b></span></span><span><span><span><span><b>VALDEIR BEZERRA DA SILVA</b></span></span></span></span><span><span><b>:</b></span></span><span><span><span> </span></span></span><span><span><span><span>seja </span></span></span></span><span><span><span><span>oficiado ao Excelent\u00edssimo Sr. Prefeito Municipal, solicitando de Sua Excel\u00eancia, entrar em entendimento com o setor competente no sentido de se </span></span></span></span><span><span><span><b>colocar ilumina\u00e7\u00e3o e uma Academia ao Ar Livre no Complexo de Lazer e Sa\u00fade </b></span></span></span><span><span><span><span><span><b>\u201c</b></span></span></span></span></span><span><span><span><span><span><span><b>DONA ANA PIEDADE JESUS FRANCISCO\u201d, localizado n</b></span></span></span></span></span></span><span><span><span><b>o bairro Jardim Primaveras.</b></span></span></span></span></span></p>\r\n<p align=\"justify\">\u00a0</p>\r\n<p align=\"center\"><span><span><span><b>REQUERIMENTOS</b></span></span></span></p>\r\n<p align=\"justify\" class=\"western\"><span><span><b>Requerimento N\u00famero 073/2021 </b></span></span><span><span><b>\u2013 DIEGO RODRIGUES DE SOUZA:</b></span></span><span><span> </span></span><span><span><span>seja oficiado ao Excelent\u00edssimo Sr. </span></span></span><span><span><span><b>DIRCEU BR\u00c1S PANO</b></span></span></span><span><span><span>, Dign\u00edssimo Prefeito Municipal, solicitando de Sua Excel\u00eancia, o que segue: 1. </span></span></span><span>Detalhar como tem sido a atua\u00e7\u00e3o do CIEE (Centro de Integra\u00e7\u00e3o Empresa-Escola) especificando quais s\u00e3o as etapas e procedimentos de responsabilidade dessa institui\u00e7\u00e3o nos processos de contrata\u00e7\u00f5es de estagi\u00e1rios para o Poder Executivo local; 2. Encaminhar c\u00f3pia do contrato/conv\u00eanio firmado entre a Prefeitura Municipal e o CIEE em que essa institui\u00e7\u00e3o figure como respons\u00e1vel pelos processos seletivos para contrata\u00e7\u00f5es de estagi\u00e1rios para o Poder Executivo local; 3. Encaminhar rela\u00e7\u00e3o de processos seletivos realizados pelo CIEE no \u00e2mbito do Poder Executivo local, bem como encaminhar c\u00f3pia de documenta\u00e7\u00e3o comprobat\u00f3ria (editais, rela\u00e7\u00f5es de inscritos, listas de classifica\u00e7\u00e3o etc.); e 4. </span><span><span><span>Encaminhar rela\u00e7\u00e3o dos estagi\u00e1rios </span></span></span><span><span><span><b>n\u00e3o remunerados</b></span></span></span><span><span><span> contratados pela Prefeitura Municipal nos \u00faltimos doze meses, detalhando em quais Departamentos da administra\u00e7\u00e3o atuam.</span></span></span></p>\r\n<p align=\"justify\" class=\"western\"><a name=\"__DdeLink__127_3082272603\"></a> <span><span><span><b>Requerimento N\u00famero 074/2021 \u2013</b></span></span></span><span><span><span><b> </b></span></span></span><span><span><b>JOS\u00c9 M\u00c1RIO SILVA DOS ANJOS:</b></span></span><span><span><span><b> </b></span></span></span><span><span><span><span>seja oficiado ao Excelent\u00edssimo Sr. </span></span></span></span><span><span><span><b>DIRCEU BR\u00c1S PANO</b></span></span></span><span><span><span><span>, Dign\u00edssimo Prefeito Municipal, solicitando de Sua Excel\u00eancia, entrar em entendimento com o setor competente, no sentido de analisar a \u00e1gua que aflui no terreno do Viveiro Municipal, localizado no bairro Jardim Luis Ometto, e informar a esta Casa de Leis </span></span></span></span><span><span><span><span><span>se h</span></span></span></span></span><span>\u00e1 algum estudo ou laudo comprovando que a \u00e1gua </span><span><span>que aflui no terreno do Viveiro Municipal, localizado no bairro Jardim Luis Ometto, </span></span><span>vem de uma mina. </span><span><span><span><span>E, em caso de ter sido comprovado que \u00e9 \u00e1gua da mina, qual o motivo de n\u00e3o ter sido realizado um reflorestamento no local?</span></span></span></span></p>\r\n<p align=\"justify\" class=\"western\"><span><span><span><b>Requerimento N\u00famero 075/2021 \u2013</b></span></span></span><span><span><span><b> </b></span></span></span><span><span><b>JOS\u00c9 M\u00c1RIO SILVA DOS ANJOS (Bahia do Corte):</b></span></span><span><span><span><b> </b></span></span></span><span><span><span><span>seja oficiado ao Excelent\u00edssimo Sr. </span></span></span></span><span><span><span><b>DIRCEU BR\u00c1S PANO</b></span></span></span><span><span><span><span>, Dign\u00edssimo Prefeito Municipal, solicitando de Sua Excel\u00eancia, entrar em entendimento com o setor competente, no sentido de </span></span></span></span><span><span><span><span><span>informar</span></span></span></span></span><span><span><span><span> a esta Casa de Leis o que segue sobre o </span></span></span></span><span><span><span><span>n\u00famero insuficiente de atendentes (recepcionistas) para atender a demanda da Unidade de Sa\u00fade da Fam\u00edlia \u2013 USF Maria Aparecida Alves (Dona Tita), localizada no bairro Jardim Luis Ometto: 1. </span></span></span></span><span><span>Quais medidas ser\u00e3o tomadas para sanar o problema no local? e 2. H\u00e1 estudos para deslocar funcion\u00e1rio de outro departamento para o local, visto que se trata de uma atividade essencial? </span></span><span><span><span><b>REQUEIRO ainda,</b></span></span></span><span><span><span><span> informar se h\u00e1 a possibilidade de manter a farm\u00e1cia da mencionada USF, aberta at\u00e9 o fechamento da Unidade, visto que hoje, o hor\u00e1rio de seu funcionamento \u00e9 das 07h \u00e0s 12h, dificultando o atendimento da popula\u00e7\u00e3o impossibilitada de ir somente neste hor\u00e1rio.</span></span></span></span></p>\r\n<p align=\"justify\" class=\"western\"><span><span><span><b>Requerimento N\u00famero 076/2021 \u2013 </b></span></span></span><span><span><span><span><b>LEANDRO HENRIQUE MORALLES</b></span></span></span></span><span><span><span><b>:</b></span></span></span><span><span><span><b> </b></span></span></span><span><span><span><span>seja oficiado ao Excelent\u00edssimo Sr. </span></span></span></span><span><span><span><b>DIRCEU BR\u00c1S PANO</b></span></span></span><span><span><span><span>, Dign\u00edssimo Prefeito Municipal, solicitando de Sua Excel\u00eancia, </span></span></span></span><span><span><span><span>para que entre em entendimento com o setor competente, para esclarecer a esta Casa de Leis, os seguintes questionamentos referentes a resposta enviada ao Requerimento n\u00ba </span></span></span></span><span><span><span><span>057/2021, de autoria desse Vereador, </span></span></span></span><span><span><span><span><span>cujo </span></span></span></span></span><span><span><span><span>obteve como resposta que \u201cat\u00e9 a presente data, apurou-se a exist\u00eancia de apenas um proponente de trabalho volunt\u00e1rio para desenvolvimento de atividades junto ao Departamento de Comunica\u00e7\u00e3o, encontrando-se em procedimento inicial de an\u00e1lise, para posterior delibera\u00e7\u00e3o\u201d: </span></span></span></span><span><span><span><span>1. </span></span></span></span><span><span>Em rela\u00e7\u00e3o ao proponente ao trabalho volunt\u00e1rio, informar o nome do mesmo, e apresentar c\u00f3pia da manifesta\u00e7\u00e3o de interesse em realizar o trabalho volunt\u00e1rio no Departamento de Comunica\u00e7\u00e3o; 2. Quanto tempo a partir da manifesta\u00e7\u00e3o de interesse do proponente \u00e9 firmado o contrato do mesmo? E 3. </span></span><span><span><span><span>Qual o motivo desse caso especifico o interessado estar a pelo menos 01 m\u00eas realizando as atividades sem o referido contrato celebrado entre o voluntariado e o Poder Executivo?</span></span></span></span></p>\r\n<p align=\"justify\" class=\"western\"><span><span><span><b>Requerimento N\u00famero 077/2021 \u2013 </b></span></span></span><span><span><span><span><b>LEANDRO HENRIQUE MORALLES</b></span></span></span></span><span><span><span><b>:</b></span></span></span><span><span><span><b> </b></span></span></span><span><span><span><span>seja oficiado </span></span></span></span><span><span><span><span>\u00e0 Excelent\u00edssima Sra. PATR\u00cdCIA BEZERRA, DD Deputada Estadual, solicitando de Sua Excel\u00eancia, envidar esfor\u00e7os no sentido de contemplar nosso munic\u00edpio com recursos financeiros </span></span></span></span><span><span><span><span>no valor de R$ 100.000,00 (cem mil reais), destinados \u00e0 aquisi\u00e7\u00e3o de 01 (um) autom\u00f3vel para o Fundo Social de Solidariedade;</span></span></span></span></p>\r\n<p align=\"justify\" class=\"western\"><span><span><span><b>Requerimento N\u00famero 078/2021 \u2013 </b></span></span></span><span><span><span><span><b>MARLY LUZIA HELD PAV\u00c3O:</b></span></span></span></span><span><span><span><b> </b></span></span></span><span><span><span><span> seja oficiado ao Excelent\u00edssimo Sr. </span></span></span></span><span><span><span><b>DIRCEU BR\u00c1S PANO</b></span></span></span><span><span><span><span>, DD. Prefeito Municipal, solicitando de Sua Excel\u00eancia, entrar em entendimento com a Vigil\u00e2ncia Sanit\u00e1ria e informar a esta Casa de Leis, se h\u00e1 um controle de pessoas que adquiriram COVID depois de tomar a vacina. Em caso positivo, informar quantas pessoas que tomaram duas doses ou mesmo a primeira dose, contra\u00edram o v\u00edrus ap\u00f3s a vacina\u00e7\u00e3o, e se houve necessidade de interna\u00e7\u00e3o hospitalar.</span></span></span></span></p>\r\n<p align=\"justify\" class=\"western\"><span><span><span><b>Requerimento N\u00famero 079/2021 \u2013 </b></span></span></span><span><span><span><span><b>MARLY LUZIA HELD PAV\u00c3O: </b></span></span></span></span><span><span><span><span>seja oficiado ao Exmo. Sr. Prefeito Municipal, solicitando de S/Exa. entrar em entendimentos com a Diretora de Sa\u00fade, solicitando da mesma informar porque as salas do grip\u00e1rio do Hospital \u201cJos\u00e9 Nigro\u201d se acham em p\u00e9ssimas condi\u00e7\u00f5es de funcionamento, como demonstram as fotos que seguem acostadas a este pedido, demonstrando uma total falta de higiene do local, frente a um estado grave de pandemia.</span></span></span></span></p>\r\n<p align=\"justify\" class=\"western\"><span><span><span><b>Requerimento N\u00famero 080/2021 \u2013 </b></span></span></span><span><span><span><span><b>MARLY LUZIA HELD PAV\u00c3O: </b></span></span></span></span><span><span><span><span>seja oficiado ao Excelent\u00edssimo Senhor </span></span></span></span><span><span><span><b>DIRCEU BR\u00c1S PANO</b></span></span></span><span><span><span><span>, Dign\u00edssimo Prefeito Municipal, solicitando de S/Exa. entrar em entendimento com o setor municipal competente, no sentido de ser dado uma explica\u00e7\u00e3o convincente ao fato de que as marmitas que s\u00e3o entregues aos estudantes, nas diversas escolas de nossa cidade, est\u00e3o cobradas como sendo duas refei\u00e7\u00f5es, como se nela estivessem depositados, alimentos em dobro ao de uma refei\u00e7\u00e3o normal, o que tem gerado uma despesa bastante elevada com a distribui\u00e7\u00e3o desse tipo de alimenta\u00e7\u00e3o aos nossos escolares, consoante resposta encaminhada por interm\u00e9dio do of\u00edcio n\u00famero 119/2021, em resposta ao Requerimento N\u00famero 047/2021, desta Vereadora. </span></span></span></span><span><span><b>REQUEIRO, </b></span></span><span><span>ainda, que na resposta a ser enviada, a empresa fornecedora das marmitas para merenda escolar, especificar a quantidade de alimentos que s\u00e3o colocados nos recipientes, inclusive a capacidade de armazenamento de alimentos nesses \u00faltimos.</span></span></p>\r\n<p align=\"justify\" class=\"western\"><span><span><span><b>Requerimento N\u00famero 081/2021 \u2013 </b></span></span></span><span><span><span><span><b>VALDEIR BEZERRA DA SILVA: </b></span></span></span></span><span><span><span><span>seja oficiado </span></span></span></span><span><span><span><span>\u00e0 Usina Santa Cruz/Grupo S\u00e3o Martinho, solicitando desta insigne empresa, que retome os cursos de qualifica\u00e7\u00e3o e requalifica\u00e7\u00e3o nas \u00e1reas de Mec\u00e2nica, Solda, El\u00e9trica, P\u00e3o e Doce, Hidr\u00e1ulica, Pedreiro, Pintor, Corte e Costura, t\u00e3o logo finalize a pandemia da COVID-19, ou assim que toda a popula\u00e7\u00e3o tenha sido imunizada.</span></span></span></span></p>\r\n<p align=\"justify\" class=\"western\"><span><span><span><b>Requerimento N\u00famero 082/2021 \u2013 </b></span></span></span><span><span><span><span><b>VALDEIR BEZERRA DA SILVA: </b></span></span></span></span><span><span><span><span>seja oficiado </span></span></span></span><span><span><span><span>ao Excelent\u00edssimo Sr. </span></span></span></span><span><span><span><b>DIRCEU BR\u00c1S PANO</b></span></span></span><span><span><span><span>, Dign\u00edssimo Prefeito Municipal, solicitando de Sua Excel\u00eancia, entrar em entendimento com setor competente no sentido de informar a esta Casa de Leis, a respeito da quadra do bairro Jardim Primaveras: 1. </span></span></span></span><span><span><span>Existe projeto para reforma da quadra e dos alambrados? e 2. </span></span></span><span><span><span><span>Existe projeto para realiza\u00e7\u00e3o de pintura e coloca\u00e7\u00e3o de ilumina\u00e7\u00e3o neste local?</span></span></span></span><span><span><span><span> </span></span></span></span></p>\r\n<p align=\"center\"><span><span><span><b>MO\u00c7\u00c3O</b></span></span></span></p>\r\n<p align=\"justify\">\u00a0</p>\r\n<p align=\"justify\"><span><span><span><span><b>Mo\u00e7\u00e3o n\u00famero 047/2021 \u2013 </b></span></span></span><span><span><span><span><b>DIEGO RODRIGUES DE SOUZA:</b></span></span></span></span><span><span><span><b> </b></span></span></span><span><span><span><span>seja consignado na ata dos trabalhos de hoje, voto de profundo pesar pelo falecimento do Senhor</span></span></span></span><span><span><span><b> ADEMIR GABRIEL GOUV\u00caA</b></span></span></span><span><span><span><b>, </b></span></span></span><span><span><span><span>ocorrido no \u00faltimo dia 15.</span></span></span></span></span></p>\r\n<p align=\"justify\"><span><span><span><span><span><b>Mo\u00e7\u00e3o n\u00famero 048/2021 \u2013</b></span></span></span><span><span><span><b> </b></span></span></span><span><span><span><b>JOS\u00c9 </b></span></span></span><span><span><span><span><b>ROBERTO DE ANDRADE</b></span></span></span></span><span><span><span><b>:</b></span></span></span><span><span><span><b> </b></span></span></span><span><span><span><span>seja consignado na ata dos trabalhos de hoje, voto de profundo pesar pelo falecimento da Senhora </span></span></span></span><span><span><span><b>EDNA SOUZA BONIF\u00c1CIO, </b></span></span></span><span><span><span><span>ocorrido no \u00faltimo dia 14.</span></span></span></span></span></span></p>\r\n<p align=\"justify\"><span><span><span><span><span><b>Mo\u00e7\u00e3o n\u00famero 049/2021 \u2013 </b></span></span></span><span><span><span><span><b>ROBERTO RODRIGUES JOB</b></span></span></span></span><span><span>: </span></span><span><span> seja consignado na ata dos trabalhos de hoje, voto de profundo pesar pelo falecimento do Senhor </span></span><span><span><b>DORIVAL ROSATO, </b></span></span><span><span>ocorrido no \u00faltimo dia 11.</span></span></span></span></p>\r\n<p align=\"justify\"><span><span><span><span><span><b>Mo\u00e7\u00e3o n\u00famero 050/2021 \u2013 </b></span></span></span><span><span><span><span><b>SILAS FERNANDES PINTO</b></span></span></span></span><span><span><b>: </b></span></span><span><span><span><b>MO\u00c7\u00c3O DE AGRADECIMENTO </b></span></span></span><span><span><span><span>\u00e0 Excelent\u00edssima</span></span></span></span><span><span><span><b> DEPUTADA ESTADUAL ANALICE FERNANDES </b></span></span></span><span><span><span><span>pelo empenho em contemplar o munic\u00edpio de Am\u00e9rico Brasiliense com recursos financeiros.</span></span></span></span></span></span></p>\r\n<p align=\"justify\">\u00a0</p>\r\n<ul>\r\n<li>\r\n<p align=\"justify\" class=\"western\"><span><span>Para assistir a Sess\u00e3o na \u00edntegra, siga pelo link </span></span><span><span style=\"text-decoration: underline; \"><span><span><span>https://www.youtube.com/watch?v=rJ3z64pwyGQ</span></span></span></span></span></p>\r\n</li>\r\n</ul>\r\n<p align=\"justify\" class=\"western\">\u00a0</p>\r\n<ul>\r\n<li>\r\n<p align=\"justify\" class=\"western\"><span><span>Acompanhe tamb\u00e9m nosso Canal do Youtube - </span></span></p>\r\n</li>\r\n</ul>\r\n<p align=\"justify\" class=\"western\"><span><span style=\"text-decoration: underline; \"><span><span>https://www.youtube.com/channel/UCXkHkbDa_IEDbrqOJT_CgKA</span></span></span></span></p>\r\n<p align=\"justify\" class=\"western\">\u00a0</p>", "author_name": "administrador", "version": "1.0", "author_url": "https://www.camaraamericobrasiliense.sp.gov.br/author/administrador", "provider_name": "C\u00e2mara Municipal", "type": "rich"}