{"provider_url": "https://www.camaraamericobrasiliense.sp.gov.br", "title": "RESUMO SESS\u00c3O DO DIA 27/02", "html": "<p><strong>Resumo das proposi\u00e7\u00f5es apresentadas:</strong></p>\r\n<p>\u00a0</p>\r\n<p align=\"center\"><span><span><b>INDICA\u00c7\u00d5ES</b></span></span></p>\r\n<p align=\"justify\"><a name=\"_Hlk52271530\"></a><a name=\"_Hlk43209274\"></a> <span><span><span><b></b></span></span></span></p>\r\n<p align=\"justify\"><span><span><span><b>Indica\u00e7\u00e3o N\u00famero </b></span></span><span><span><span><span><b>020</b></span></span></span></span><span><span><b>/2021 </b></span></span><span><span>-</span></span><span><span><b> </b></span></span><span><span><b>ALCIDES LUIS DE CARVALHO</b></span></span><span><span><b> </b></span></span><span><span><span><span>seja oficiado ao Exmo. Sr. Prefeito Municipal, solicitando de S/ Exa. entrar em entendimento com o setor competente, no sentido de </span></span></span></span><span><span><span><b>construir um parquinho para crian\u00e7as, instalar academia ao ar livre, realizar o plantio de \u00e1rvores na pra\u00e7a em contru\u00e7\u00e3o no bairro Jardim Santa Terezinha</b></span></span></span><span><span><span><span>.</span></span></span></span></span></p>\r\n<p align=\"justify\"><span><span><span><b>Indica\u00e7\u00e3o N\u00famero 0</b></span></span><span><span><span><span><b>21</b></span></span></span></span><span><span><b>/2021 </b></span></span><span><span>-</span></span><span><span><b> </b></span></span><span><span><b>ALCIDES LUIS DE CARVALHO</b></span></span><span><span><b> </b></span></span><span><span><span><span>seja oficiado ao Exmo. Sr. Prefeito Municipal, solicitando de S/ Exa. entrar em entendimento com o setor competente, no sentido de instalar ilumina\u00e7\u00e3o p\u00fablica e construir cal\u00e7ada na \u201cTransalegre\u201d pois os pedestres andam no asfalto correndo risco de atropelamento.</span></span></span></span></span></p>\r\n<p align=\"justify\"><span><span><span><span><b>Indica\u00e7\u00e3o N\u00famero 0</b></span></span></span><span><span><span><span><b>22</b></span></span></span></span><span><span><span><b>/2021 </b></span></span></span><span><span><span><span>-</span></span></span></span><span><span><span><b> </b></span></span></span><span><span><span><b>ALCIDES LUIS DE CARVALHO </b></span></span></span><span><span><span><span>seja oficiado ao Exmo. Sr. Prefeito Municipal, solicitando de S/ Exa. entrar em entendimento com o setor competente, no sentido de </span></span></span></span><span><span><span><b>colocar traves de gol e alambrado no campo situado na Pra\u00e7a \u201cPAULO FRANCISCATTO\u201d</b></span></span></span><span><span><span><span>, do bairro Jd. Primaveras e ainda,</span></span></span></span><span><span><span><b> </b></span></span></span><span><span><span><span>que se fa\u00e7a reparos na quadra existente na Pra\u00e7a acima mencionada.</span></span></span></span></span></p>\r\n<p align=\"justify\"><span><span><span><b>Indica\u00e7\u00e3o N\u00famero 0</b></span></span><span><span><span><span><b>2</b></span></span></span></span><span><span><b>3/2021 \u2013</b></span></span><span><span> </span></span><span><span><span><span><b>ALDEVAM LIMA ARA\u00daJO</b></span></span></span></span><span><span><b> </b></span></span><span><span><span><span>seja oficiado ao Exmo. Sr. Prefeito Municipal, solicitando de S/ Exa. entrar em entendimento com o setor competente, no sentido de se construir uma cobertura no muro da creche do bairro Jardim S\u00e3o Jos\u00e9 I, na avenida Lia Della Rovere Furkin, na altura do im\u00f3vel n\u00ba 822, pois ali \u00e9 o ponto onde as crian\u00e7as esperam o transporte escolar.</span></span></span></span></span></p>\r\n<p align=\"justify\"><span><span><span><b>Indica\u00e7\u00e3o N\u00famero 024/2021 </b></span></span><span><span>- </span></span><span><span><span><span><b>ALDEVAM LIMA ARA\u00daJO</b></span></span></span></span><span><span><b> </b></span></span><span><span><span><span>seja oficiado ao Exmo. Sr. Prefeito Municipal, solicitando de S/ Exa. entrar em entendimento com o setor competente, para o nivelamento das grades das galerias situadas na Alameda Aldo Lupo.</span></span></span></span></span></p>\r\n<p align=\"justify\"><span><span><span><b>Indica\u00e7\u00e3o N\u00famero 0</b></span></span><span><span><span><span><b>2</b></span></span></span></span><span><span><b>5/2021 </b></span></span><span><span>- </span></span><span><span><b>ALDEVAM LIMA ARA\u00daJO</b></span></span><span><span><b> </b></span></span><span><span><span><span>seja oficiado ao Exmo. Sr. Prefeito Municipal, solicitando de S/ Exa. entrar em entendimento com o setor competente, no sentido de </span></span></span></span><span><span><span><b>realizar a limpeza frequente dos bueiros do munic\u00edpio, para diminuir o risco de entupimento das galerias pluviais</b></span></span></span><span><span><span><span>.</span></span></span></span></span></p>\r\n<p align=\"justify\"><span><span><span><b>Indica\u00e7\u00e3o N\u00famero 0</b></span></span><span><span><span><span><b>2</b></span></span></span></span><span><span><b>6/2021 \u2013</b></span></span><span><span> </span></span><span><span><span><span><b>DIEGO RODRIGUES DE SOUZA</b></span></span></span></span><span><span><b> </b></span></span><span><span><span>seja oficiado ao Exmo. Sr. Prefeito Municipal, solicitando de S/ Exa. entrar em entendimento com o setor competente no sentido de </span></span></span><span><span><span style=\"text-decoration: underline; \"><span>executar recapeamento asf\u00e1ltico na Avenida Taquaritinga</span></span></span></span><span><span><span>, no bairro Jardim Vista Alegre.</span></span></span></span></p>\r\n<p align=\"justify\"><span><span><span><b>Indica\u00e7\u00e3o N\u00famero </b></span></span><span><span><span><span><b>027</b></span></span></span></span><span><span><b>/2021 \u2013 </b></span></span><span><span><span><span><b>JOS\u00c9 M\u00c1RIO SILVA DOS ANJOS</b></span></span></span></span><span><span><b> </b></span></span><span><span> </span></span><span><span><span>seja oficiado ao Exmo. Sr. Prefeito Municipal, solicitando de S/ Exa. entrar em entendimento com o setor competente, no sentido de </span></span></span><span><span><span><b>viabilizar junto \u00e0 Secretaria Municipal de Sa\u00fade, a abertura de Unidades B\u00e1sicas de Sa\u00fade, assim como da Farm\u00e1cia Municipal no per\u00edodo noturno</b></span></span></span><span><span><span>.</span></span></span></span></p>\r\n<p align=\"justify\"><span><span><span><b>Indica\u00e7\u00e3o N\u00famero 0</b></span></span><span><span><span><span><b>2</b></span></span></span></span><span><span><b>8/2021 </b></span></span><span><span>- </span></span><span><span><b>JOS\u00c9 M\u00c1RIO SILVA DOS ANJOS</b></span></span><span><span><b> </b></span></span><span><span><span><span>seja oficiado ao Exmo. Sr. Prefeito Municipal, solicitando de S/ Exa. entrar em entendimento com o setor competente, no sentido de </span></span></span></span><span><span><span><b>viabilizar, junto ao departamento de Meio Ambiente a aquisi\u00e7\u00e3o de mudas e sementes da \u00e1rvore denominada \u201cCrotol\u00e1ria\u201d (fun\u00e7\u00e3o de repelente natural contra insetos) para distribui\u00e7\u00e3o nas resid\u00eancias do munic\u00edpio pelos agentes comunit\u00e1rios de sa\u00fade</b></span></span></span><span><span><span><span>.</span></span></span></span></span></p>\r\n<p align=\"justify\"><span><span><span><b>Indica\u00e7\u00e3o N\u00famero 029/2021 </b></span></span><span><span>- </span></span><span><span><b>JOS\u00c9 M\u00c1RIO SILVA DOS ANJOS</b></span></span><span><span><b> </b></span></span><span><span><span><span>seja oficiado ao Exmo. Sr. Prefeito Municipal, solicitando de S/ Exa. entrar em entendimento com o setor competente, no sentido de </span></span></span></span><span><span><span><b>construir lombada na Rua 08 \u2013 Rubens Spollaor, localizada no bairro Jardim Maria Luiza, e nas duas Avenidas principais do bairro Ant\u00f4nio Pavan</b></span></span></span><span><span><span><span>.</span></span></span></span></span></p>\r\n<p align=\"justify\"><span><span><span><b>Indica\u00e7\u00e3o N\u00famero </b></span></span><span><span><span><span><b>030</b></span></span></span></span><span><span><b>/2021 \u2013 </b></span></span><span><span><span><span><b>LEANDRO HENRIQUE MORALLES</b></span></span></span></span><span><span><b> </b></span></span><span><span><span><span>seja oficiado ao Exmo. Sr. Prefeito Municipal, solicitando de S/ Exa. entrar em entendimento com o setor competente, no sentido de </span></span></span></span><span><span><span><b>realizar a limpeza de mato na Rua Cotovia, localizada no bairro Recanto dos P\u00e1ssaros, </b></span></span></span><span><span><span><span>visto que o local est\u00e1 proliferado de animais pe\u00e7onhentos e insetos.</span></span></span></span></span></p>\r\n<p align=\"justify\"><span><span><span><b>Indica\u00e7\u00e3o N\u00famero 0</b></span></span><span><span><span><span><b>3</b></span></span></span></span><span><span><b>1/2021 \u2013</b></span></span><span><span> </span></span><span><span><span><span><b>LEANDRO HENRIQUE MORALLES </b></span></span></span></span><span><span><span><span><span>seja oficiado ao Exmo. Sr. Prefeito Municipal, solicitando de S/ Exa. entrar em entendimento com o setor competente, no sentido de </span></span></span></span></span><span><span><span><span><b>enviar Projeto de Lei que conceda novos prazos para o Programa REFIS, </b></span></span></span></span><span><span><span><span><span>o mais breve poss\u00edvel.</span></span></span></span></span></span></p>\r\n<p align=\"justify\"><span><span><span><b>Indica\u00e7\u00e3o N\u00famero 0</b></span></span><span><span><span><span><b>3</b></span></span></span></span><span><span><b>2/2021 </b></span></span><span><span>\u2013 </span></span><span><span><span><span><b>LEANDRO HENRIQUE MORALLES</b></span></span></span></span> <span><span><span><span>seja oficiado ao Exmo. Sr. Prefeito Municipal, solicitando de S/ Exa. entrar em entendimento com o setor competente, no sentido de </span></span></span></span><span><span><span><b>realizar limpeza de mato e instala\u00e7\u00e3o de ilumina\u00e7\u00e3o na \u00e1rea existente entre os bairros Sinh\u00e1 Prado Guimar\u00e3es e Residencial Jardim Santa Rita, </b></span></span></span><span><span><span><span>o mais breve poss\u00edvel.</span></span></span></span></span></p>\r\n<p align=\"justify\"><span><span><span><b>Indica\u00e7\u00e3o N\u00famero 0</b></span></span><span><span><span><span><b>3</b></span></span></span></span><span><span><b>3/2021 </b></span></span><span><span>\u2013 </span></span><span><span><span><span><b>MARLY LUZIA HELD PAV\u00c3O</b></span></span></span></span> <span><span><span><span>seja oficiado ao Exmo. Sr. Prefeito Municipal, solicitando de S/Exa. entrar em entendimentos com o departamento de Sa\u00fade, visando a instala\u00e7\u00e3o de banheiros qu\u00edmicos para ambos sexos, inclusive para uso de pessoas com suspeita ou portadores do v\u00edrus Covid-19, at\u00e9 que haja a conclus\u00e3o das obras de reforma do Hospital Municipal \u201cDoutor Jos\u00e9 Nigro Neto\u201d. </span></span></span></span></span></p>\r\n<p align=\"justify\"><span><span><span><b>Indica\u00e7\u00e3o N\u00famero 0</b></span></span><span><span><span><span><b>3</b></span></span></span></span><span><span><b>4/2021 </b></span></span><span><span>\u2013 </span></span><span><span><span><span><b>MARLY LUZIA HELD PAV\u00c3O</b></span></span></span></span><span><span><b> </b></span></span><span><span><span><span>seja oficiado ao Exmo. Sr. Prefeito Municipal, solicitando de S/Exa. entrar em entendimentos com o setor municipal, no sentido de serem </span></span></span></span><span><span><span><b>constru\u00eddas mais duas lombadas na Rua dos Ip\u00eas localizada no bairro \u201cJardim Primaveras\u201d</b></span></span></span><span><span><span><span>, em locais estrat\u00e9gicos, visando coibir o excesso de velocidade praticado nessa via p\u00fablica.</span></span></span></span></span></p>\r\n<p align=\"justify\"><span><span><span><span><b>Indica\u00e7\u00e3o N\u00famero 0</b></span></span></span><span><span><span><span><b>35</b></span></span></span></span><span><span><span><b>/2021 </b></span></span></span><span><span><span><span>\u2013 </span></span></span></span><span><span><span><span><b>MARLY LUZIA HELD PAV\u00c3O</b></span></span></span></span><span><span><span><b> </b></span></span></span><span><span><span><span>seja oficiado ao Exmo. Sr. Prefeito Municipal, solicitando de S/Exa. entrar em entendimentos com o setor municipal competente, visando a</span></span></span></span><span><span><span><b> </b></span></span></span><span><span><span><b>intima\u00e7\u00e3o da empresa TELEFONICA S/A, para limpeza do terreno localizado na Rua Fel\u00edcio Neves</b></span></span></span><span><span><span><b>, </b></span></span></span><span><span><span><span>ao lado do pr\u00e9dio do Hospital Municipal \u201cDoutor Jos\u00e9 Nigro Neto\u201d, que se acha coberto de matos, facilitando o criadouro de insetos.</span></span></span></span></span></p>\r\n<p align=\"justify\"><span><span><span><span><b>Indica\u00e7\u00e3o N\u00famero 0</b></span></span></span><span><span><span><span><b>36</b></span></span></span></span><span><span><span><b>/2021 </b></span></span></span><span><span><span><span>\u2013 </span></span></span></span><span><span><span><span><b>ROBERTO RODRIGUES JOB</b></span></span></span></span><span><span><span><b> </b></span></span></span><span><span><span><span>seja oficiado ao Exmo. Sr. Prefeito Municipal, solicitando de S/ Exa. entrar em entendimento com o setor competente, no sentido</span></span></span></span><span><span><span><b> </b></span></span></span><span><span><span><b>de construir 02 (duas) lombadas na Rua Ja\u00fa, localizada no bairro Jardim Vista Alegre, </b></span></span></span><span><span><span><span>mais precisamente em frente aos im\u00f3veis n\u00ba 70 e 191, da referida rua.</span></span></span></span></span></p>\r\n<p align=\"justify\"><span><span><span><span><b>Indica\u00e7\u00e3o N\u00famero 0</b></span></span></span><span><span><span><span><b>37</b></span></span></span></span><span><span><span><b>/2021 </b></span></span></span><span><span><span><span>\u2013 </span></span></span></span><span><span><span><span><b>ROBERTO RODRIGUES JOB</b></span></span></span></span><span><span><span><b> </b></span></span></span><span><span><span><span>seja oficiado ao Exmo. Sr. Prefeito Municipal, solicitando de S/ Exa. entrar em entendimento com o setor competente, no sentido</span></span></span></span><span><span><span><b> d</b></span></span></span><span><span><span><b>e instalar sinaliza\u00e7\u00e3o horizontal na conflu\u00eancia da Avenida 9 de Julho com a Rua Ribeiro de Barros, </b></span></span></span><span><span><span><span>o mais breve poss\u00edvel.</span></span></span></span></span></p>\r\n<p align=\"justify\"><span><span><span><b>Indica\u00e7\u00e3o N\u00famero 0</b></span></span><span><span><span><span><b>38</b></span></span></span></span><span><span><b>/2021 </b></span></span><span><span>\u2013 </span></span><span><span><span><span><b>VALDEIR BEZERRA DA SILVA</b></span></span></span></span><span><span><b> </b></span></span><span><span><span><span>seja oficiado ao Exmo. Sr. Prefeito Municipal, solicitando de S/ Exa. entrar em entendimento com o setor competente, no sentido de realizar a manuten\u00e7\u00e3o de todos os bueiros do bairro Jardim Lu\u00eds Ometto.</span></span></span></span></span></p>\r\n<p align=\"justify\"><span><span><span><span><span><b>Indica\u00e7\u00e3o</b></span></span></span></span><span><span><b> N\u00famero 0</b></span></span><span><span><span><span><b>39</b></span></span></span></span><span><span><b>/2021 \u2013 </b></span></span><span><span><span><span><b>VALDEIR BEZERRA DA SILVA</b></span></span></span></span><span><span><b> </b></span></span><span><span><span><span>seja oficiado ao Exmo. Sr. Prefeito Municipal, solicitando de S/ Exa. entrar em entendimento com o setor competente, no sentido de </span></span></span></span><span><span><span><b>construir cal\u00e7ada no canteiro central e na \u00e1rea verde localizada na entrada da Avenida Luiza Delfina da Silva, </b></span></span></span><span><span><span><span>do bairro Jardim Luis Ometto.</span></span></span></span></span></p>\r\n<p align=\"justify\">\u00a0\u00a0</p>\r\n<p align=\"center\"><span><span><span><span><b>REQUERIMENTOS</b></span></span></span></span></p>\r\n<p align=\"center\"><span><span><span><span><b><br /></b></span></span></span></span></p>\r\n<p align=\"justify\" class=\"western\"><span><span><b>Requerimento N\u00famero 0</b></span></span><span><span><span><span><b>13</b></span></span></span></span><span><span><b>/2021 </b></span></span><span><span>-</span></span><span><span><b> </b></span></span><span><span><b>ALCIDES LUIS DE CARVALHO</b></span></span><span><span><b> </b></span></span><span><span><span><span>seja oficiado ao Exmo. Sr. </span></span></span></span><span><span><span><b>DIRCEU BR\u00c1S PANO</b></span></span></span><span><span><span><span>, DD. Prefeito Municipal, solicitando de S/Exa. entrar em entendimento com o setor municipal competente, o Departamento de Esporte, e informar a esta Casa de Leis, qual o motivo de n\u00e3o ter sido encaminhado documenta\u00e7\u00e3o para iniciar a licita\u00e7\u00e3o </span></span></span></span><span><span><span><span><span>para a execu\u00e7\u00e3o da infraestrutura esportiva, moderniza\u00e7\u00e3o e adequa\u00e7\u00e3o do Centro Recreativo \u201cBas\u00edlio Quadrado\u201d</span></span></span></span></span><span><span><span><span>.</span></span></span></span></p>\r\n<p align=\"justify\" class=\"western\"><b>Requerimento N\u00famero 0</b><b>14</b><b>/2021 \u2013</b> <b>DIEGO RODRIGUES DE SOUZA</b><b> </b>seja oficiado ao Exmo. Sr. <b>JEAN CARLO GORINCHTEYN</b>, DD. Secret\u00e1rio de Estado da Sa\u00fade, ao Ilmo. Sr. <b>DIMAS TADEU COVAS</b>, DD. Diretor do Instituto Butantan e ao Exmo. Sr. <b>JO\u00c3O DORIA</b>, DD. Governador do Estado de S\u00e3o Paulo, solicitando dessas insignes autoridades que estudem a possibilidade de que a unidade fabril da Funda\u00e7\u00e3o para o Rem\u00e9dio Popular (FURP), localizada em Am\u00e9rico Brasiliense, possa acolher a pretendida implanta\u00e7\u00e3o de uma f\u00e1brica nacional da Coronavac e, posteriormente, de outras vacinas, uma vez que encontra-se atualmente fechada, possui a estrutura necess\u00e1ria, \u00e9 de propriedade do Governo do Estado e j\u00e1 est\u00e1 constru\u00edda, ou seja, possibilita que seja agilizado o processo de produ\u00e7\u00e3o do imunizante \u00e0 Covid-19.</p>\r\n<p align=\"justify\"><span><span><span><b>Requerimento N\u00famero 0</b></span></span><span><span><span><span><b>15</b></span></span></span></span><span><span><b>/2021 \u2013</b></span></span><span><span> </span></span><span><span><span><span><b>JOS\u00c9 M\u00c1RIO SILVA DOS ANJOS</b></span></span></span></span><span><span><b> </b></span></span><span><span><span>seja oficiado ao Exmo. Sr. </span></span></span><span><span><b>DIRCEU BR\u00c1S PANO</b></span></span><span><span><span>, DD. Prefeito Municipal, </span></span></span><span><span><span><span>solicitando de S/Exa. enviar a esta Casa de Leis, </span></span></span></span><span><span><span><b>c\u00f3pia de todos os relat\u00f3rios de avalia\u00e7\u00e3o e de monitoramento existente at\u00e9 a presente data para an\u00e1lise e acompanhamento dos vereadores, referente ao cumprimento pelo Munic\u00edpio das metas estabelecidas no PNE - Plano Nacional de Educa\u00e7\u00e3o.</b></span></span></span></span></p>\r\n<p align=\"justify\"><span><span><span><span><b>Requerimento N\u00famero 0</b></span></span></span><span><span><span><span><b>16</b></span></span></span></span><span><span><span><b>/2021 \u2013</b></span></span></span><span><span><span><b> </b></span></span></span><span><span><span><span><b>JOS\u00c9 M\u00c1RIO SILVA DOS ANJOS</b></span></span></span></span><span><span><span><b> </b></span></span></span><span><span><span><span>seja oficiado ao Exmo. Sr. </span></span></span></span><span><span><span><b>DIRCEU BR\u00c1S PANO, </b></span></span></span><span><span><span><span>DD. Prefeito Municipal, solicitando de S/Exa. informar a esta Casa de Leis o que segue: p</span></span></span></span><span><span><span>or qual motivo s\u00e3o cobrados 36% (trinta e seis por cento) a mais do valor original da nota de manuten\u00e7\u00e3o nos ve\u00edculos oficiais da Prefeitura?; para onde este valor \u00e9 destinado?; por qual motivo as manuten\u00e7\u00f5es de alguns ve\u00edculos s\u00e3o realizadas nas cidades de Araraquara e Santa L\u00facia?; e q</span></span></span><span><span><span><span>ual o motivo da demora no pagamento das referidas notas?</span></span></span></span></span></p>\r\n<p align=\"justify\"><span><span><span><b>Requerimento N\u00famero 0</b></span></span><span><span><span><span><b>1</b></span></span></span></span><span><span><b>7/2021 \u2013 </b></span></span><span><span><span><span><b>JOS\u00c9 ROBERTO DE ANDRADE</b></span></span></span></span><span><span><b> </b></span></span><span><span><span>seja oficiado ao Exmo. Sr. </span></span></span><span><span><b>M</b></span></span><span><span><span><b>\u00c1RCIO ALVINO</b></span></span></span><span><span><span>, DD. Deputado Federal, solicitando de S/Exa., envidar esfor\u00e7os em contemplar o munic\u00edpio de Am\u00e9rico Brasiliense com recursos financeiros, por meio de emenda parlamentar, destinados \u00e0 </span></span></span><span><span><span><span><span>aquisi\u00e7\u00e3o de 02 (dois) respiradores fixos ou m\u00f3veis, do modelo DRAGER SABINA-300 para o munic\u00edpio de Am\u00e9rico Brasiliense, que ser\u00e3o utilizados na unidade Hospitalar \u201cDoutor Jos\u00e9 Nigro Neto\u201d.</span></span></span></span></span></span></p>\r\n<p align=\"justify\" class=\"western\"><span><span><b>Requerimento N\u00famero 0</b></span></span><span><span><span><span><b>1</b></span></span></span></span><span><span><b>8/2021 \u2013 </b></span></span><span><span><span><span><b>JOS\u00c9 ROBERTO DE ANDRADE</b></span></span></span></span><span><span><b> </b></span></span><span><span><span><span>seja oficiado ao Exmo. Sr. </span></span></span></span><span><span><span><b>ANDR\u00c9 DO PRADO</b></span></span></span><span><span><span><span>, DD. Deputado Estadual, solicitando de S/Exa., envidar esfor\u00e7os em contemplar o munic\u00edpio de Am\u00e9rico Brasiliense com recursos financeiros, por meio de emenda parlamentar, destinados \u00e0 </span></span></span></span><span><span><span><span><span>aquisi\u00e7\u00e3o de 02 (dois) respiradores fixos ou m\u00f3veis, do modelo DRAGER SABINA-300 para o munic\u00edpio de Am\u00e9rico Brasiliense, que ser\u00e3o utilizados na unidade Hospitalar \u201cDoutor Jos\u00e9 Nigro Neto\u201d.</span></span></span></span></span></p>\r\n<p align=\"justify\" class=\"western\"><span><span><span><b>Requerimento N\u00famero 0</b></span></span></span><span><span><span><span><b>1</b></span></span></span></span><span><span><span><span><b>9</b></span></span></span></span><span><span><span><b>/2021 \u2013 </b></span></span></span><span><span><span><span><b>JOS\u00c9 ROBERTO DE ANDRADE</b></span></span></span></span><span><span><span><b> </b></span></span></span><span><span><span><span>seja oficiado ao ao Exmo. Sr. </span></span></span></span><span><span><span><b>DIRCEU BR\u00c1S PANO, </b></span></span></span><span><span><span><span>DD. Prefeito Municipal, solicitando de S/Exa., entrar em entendimento com o setor competente, no sentido de informar a Esta Casa de Leis, a exist\u00eancia de um cronograma, para a realiza\u00e7\u00e3o do recapeamento na Rua Toledo Pizza e Rua Ribeiro de Barros</span></span></span></span><strong><span><span><span><span>.</span></span></span></span></strong></p>\r\n<p align=\"justify\" class=\"western\"><span><span><b>Requerimento N\u00famero 0</b></span></span><span><span><span><span><b>20</b></span></span></span></span><span><span><b>/2021 \u2013</b></span></span><span><span> </span></span><span><span><span><span><b>MAICON RIOS DE SOUZA</b></span></span></span></span><span><span><span><b> </b></span></span></span><span><span><span><span>seja oficiado ao Exmo. Sr.</span></span></span></span><span><span><span><b> </b></span></span></span><span><span><span><b>DIRCEU BR\u00c1S PANO</b></span></span></span><span><span><span><b>, </b></span></span></span><span><span><span><span>DD. Prefeito Municipal, </span></span></span></span><span><span><span><span>solicitando de S/Exa. </span></span></span></span><span><span><span><span>entrar em entendimento com Diretora Do Departamento de Educa\u00e7\u00e3o Municipal, a Ilma. Sra. </span></span></span></span><span><span><span><b>ELIZANDRA MARQUES DE ASSUMP\u00c7\u00c3O,</b></span></span></span><span><span><span><span> solicitando da mesma informar como ser\u00e1 a log\u00edstica para distribui\u00e7\u00e3o desses marmitex, para: c</span></span></span></span><span><span><span>\u00e1lculo dos alunos a serem beneficiados com essa distribui\u00e7\u00e3o; n\u00e3o haja aglomera\u00e7\u00f5es, na hora da entrega desses marmitex; como ser\u00e1 feita a entrega de marmitex para alunos que n\u00e3o t\u00eam condi\u00e7\u00f5es de se locomover at\u00e9 a escola em que se encontra matriculado para receber esses marmitex; e p</span></span></span><span><span><span><span>or derradeiro, como ser\u00e1 feita essa distribui\u00e7\u00e3o para alunos que moram perto de uma unidade escolar, mas estudam em escola distante de seu domic\u00edlio. </span></span></span></span></p>\r\n<p align=\"justify\" class=\"western\"><span><span><span><b>Requerimento N\u00famero 0</b></span></span></span><span><span><span><span><b>21</b></span></span></span></span><span><span><span><b>/2021 \u2013</b></span></span></span><span><span><span><span> </span></span></span></span><span><span><span><span><b>MAICON RIOS DE SOUZA</b></span></span></span></span><span><span><span><b> </b></span></span></span><span><span><span><span>seja oficiado ao Exmo. Sr. </span></span></span></span><span><span><span><b>DIRCEU BR\u00c1S PANO</b></span></span></span><span><span><span><b>, </b></span></span></span><span><span><span><span>DD. Prefeito Municipal, </span></span></span></span><span><span><span><span>solicitando de S/Exa. </span></span></span></span><span><span><span><span>entrar em entendimentos com </span></span></span></span><span><span><span><span>o setor competente e enviar para esta Casa de Leis o parecer do Departamento de Seguran\u00e7a do Trabalho, que n\u00e3o reconhece a aplica\u00e7\u00e3o de 40% (quarenta por cento) de insalubridade para os profissionais da sa\u00fade, e tamb\u00e9m, parecer do Departamento de Seguran\u00e7a do Trabalho que informa sobre o andamento dos trabalhos para emiss\u00e3o de parecer de aplica\u00e7\u00e3o de 40% (quarenta por cento) de insalubridade aos servidores do SAMU.</span></span></span></span></p>\r\n<p align=\"justify\" class=\"western\"><span><span><span><b>Requerimento N\u00famero 0</b></span></span></span><span><span><span><span><b>22</b></span></span></span></span><span><span><span><b>/2021 \u2013</b></span></span></span><span><span><span><span> </span></span></span></span><span><span><span><span><b>MARLY LUZIA HELD PAV\u00c3O</b></span></span></span></span><span><span><span><b> </b></span></span></span><span><span><span><span>seja oficiado ao Exmo. Sr. </span></span></span></span><span><span><span><b>DIRCEU BR\u00c1S PANO</b></span></span></span><span><span><span><span>, DD. Prefeito Municipal, solicitando de S/Exa. entrar em entendimento com o setor municipal competente para enviar a esta Casa de Leis, c\u00f3pia do contrato firmado com a Empresa NEO CONSULTORIA E ADMINISTRA\u00c7\u00c3O, CNPJ. 25.165.749/0001-10, para administra\u00e7\u00e3o de consertos para manuten\u00e7\u00e3o e controle do uso de combust\u00edveis pela frota municipal, e ainda, que seja enviado c\u00f3pia dos pagamentos feitos a esta Empresa, desde mar\u00e7o de 2020, quando houve sua contrata\u00e7\u00e3o, nas duas modalidades.</span></span></span></span></p>\r\n<p align=\"justify\" class=\"western\"><span><span><span><b>Requerimento N\u00famero 0</b></span></span></span><span><span><span><span><b>23</b></span></span></span></span><span><span><span><b>/2021 \u2013</b></span></span></span><span><span><span><span> </span></span></span></span><span><span><span><span><b>MARLY LUZIA HELD PAV\u00c3O</b></span></span></span></span><span><span><span><b> </b></span></span></span><span><span><span><span>seja oficiado ao Exmo. Sr. </span></span></span></span><span><span><span><b>DIRCEU BR\u00c1S PANO</b></span></span></span><span><span><span><span>, DD. Prefeito Municipal, solicitando de S/Exa. entrara em entendimento com a Diretora de Sa\u00fade, Eliana Aparecida Bernab\u00e9 Marsili, no sentido da mesma informar a esta Casa de Leis, quais as provid\u00eancias que est\u00e3o sendo tomadas por este Departamento, para sanar t\u00e3o s\u00e9rio o problema </span></span></span></span><span><span><span><span><span>do n\u00e3o funcionamento</span></span></span></span></span><span><span><span><span> nos fins de semana e feriados da farm\u00e1cia do Hospital Municipal \u201cDoutor Jos\u00e9 Nigro Neto\u201d, que vem prejudicando a popula\u00e7\u00e3o mais carente, que tem direito de ser tratada com mais dignidade.</span></span></span></span></p>\r\n<p align=\"justify\" class=\"western\"><span><span><span><b>Requerimento N\u00famero 0</b></span></span></span><span><span><span><span><b>24</b></span></span></span></span><span><span><span><b>/2021 \u2013</b></span></span></span><span><span><span><span> </span></span></span></span><span><span><span><span><b>MARLY LUZIA HELD PAV\u00c3O</b></span></span></span></span><span><span><span><b> </b></span></span></span><span><span><span><span>seja oficiado \u00e0 Diretora de Sa\u00fade, Eliana Aparecida Bernab\u00e9 Marsili ,na qualidade de Presidente do Comit\u00ea Municipal de Gestor do Plano de Preven\u00e7\u00e3o e Contingenciamento em Sa\u00fade Covid-19, solicitando da mesma enviar a esta Casa de Leis c\u00f3pia das atas de reuni\u00f5es d</span></span></span></span><span><span><span><span><span>o</span></span></span></span></span><span><span><span><span> Comit\u00ea Gestor do Plano de Preven\u00e7\u00e3o e Contingenciamento em Sa\u00fade Covid-19, para conhecimento desta casa de Leis e de nossa popula\u00e7\u00e3o, de todas as medidas sanit\u00e1rias e m\u00e9dicas tomadas em nosso Munic\u00edpio, desde a instala\u00e7\u00e3o desse comit\u00ea em data de 30 de mar\u00e7o de 2020.</span></span></span></span></p>\r\n<p align=\"justify\" class=\"western\">\u00a0<b>Requerimento N\u00famero 0</b><b>25</b><b>/2021 \u2013</b> <b>VALDEIR BEZERRA DA SILVA</b><b> </b>seja oficiado ao Exmo. Sr. <b>LUIZ CARLOS MOTTA</b>, DD. Deputado Federal, solicitando de S/Exa. envidar esfor\u00e7os no sentido de contemplar o munic\u00edpio de Am\u00e9rico Brasiliense com emenda parlamentar para constru\u00e7\u00e3o de academia ao ar livre para serem instaladas nas pra\u00e7as dos bairros Jardim Primaveras e Luiz Ometto.</p>\r\n<p align=\"justify\" class=\"western\">\u00a0<b>Requerimento N\u00famero 0</b><b>26</b><b>/2021 \u2013 </b><b>VALDEIR BEZERRA DA SILVA</b> seja oficiado ao Exmo. Sr. <b>DIRCEU BR\u00c1S PANO</b><b>, </b>DD. Prefeito Municipal, entrar em entendimento com o setor competente para enviar a esta Casa de Leis o quanto segue: documento (escritura p\u00fablica) que demonstra a doa\u00e7\u00e3o havida entre o Munic\u00edpio de Am\u00e9rico Brasiliense e o Governo do Estado de S\u00e3o Paulo relativamente ao bem im\u00f3vel localizado entre a FURP e a Sadia (mapa anexo); c\u00f3pia do procedimento administrativo que culminou no documento de transfer\u00eancia de propriedade entre os entes p\u00fablicos.</p>\r\n<p align=\"center\">\u00a0</p>\r\n<p align=\"center\"><span><span><span><span><span><b>MO\u00c7\u00d5ES</b></span></span></span></span></span></p>\r\n<p align=\"justify\"><span><span><span><span><span><b>Mo\u00e7\u00e3o N\u00famero 005/2021</b></span></span></span></span><span><span><span><span><span>-</span></span></span></span></span><span><span><span><span><span> </span></span></span></span></span><span><span><span><span><b>DIEGO RODRIGUES DE SOUZA</b></span></span></span></span><span><span><span><span><b> </b></span></span></span></span><span><span><span><span><span>seja registrada na ata dos trabalhos de hoje, </span></span></span></span></span><span><span><span><span><b>MO\u00c7\u00c3O DE CONGRATULA\u00c7\u00d5ES E APLAUSOS para com a Ilma Sra. DIRCE LAUTO GUIMAR\u00c3ES OLIVEIRA</b></span></span></span></span><span><span><span><span><b> </b></span></span></span></span><span><span><span><span><span>em reconhecimento \u00e0 sua trajet\u00f3ria de destaque constru\u00edda no servi\u00e7o p\u00fablico municipal de Am\u00e9rico Brasiliense, especialmente nas pol\u00edticas p\u00fablicas relacionadas a emprego, gera\u00e7\u00e3o de renda e empreendedorismo. </span></span></span></span></span></span></p>\r\n<p align=\"justify\"><span><span><span><span><span><b>Mo\u00e7\u00e3o N\u00famero 006/2021-</b></span></span></span></span><span><span><span><span><b> JOS\u00c9 M\u00c1RIO SILVA DOS ANJOS</b></span></span></span></span><span><span><span><span><b> </b></span></span></span></span><span><span><span><span><b> </b></span></span></span></span><span><span><span><span><span>seja registrado na ata dos trabalhos de hoje,</span></span></span></span></span><span><span><span><span><b> MO\u00c7\u00c3O DE APOIO \u00e0 vacina\u00e7\u00e3o priorit\u00e1ria dos servidores municipais e estaduais da Educa\u00e7\u00e3o, p</b></span></span></span></span><span><span><span><span><b>ara seguran\u00e7a no in\u00edcio das aulas das Redes Municipal e Estadual.</b></span></span></span></span></span></p>\r\n<p align=\"justify\"><span><span><span><span><span><b>Mo\u00e7\u00e3o N\u00famero 007/2021</b></span></span></span></span><span><span><span><span><span>-</span></span></span></span></span><span><span><span><span><span> </span></span></span></span></span><span><span><span><span><b>DIEGO RODRIGUES DE SOUZA </b></span></span></span></span><span><span><span><span><span> seja consignado na ata dos trabalhos de hoje, voto de profundo pesar pelo falecimento da Senhora </span></span></span></span></span><span><span><span><span><b>LEONICE DE F\u00c1TIMA OLIVEIRA,</b></span></span></span></span><span><span><span><span><span> ocorrido no \u00faltimo dia 12.</span></span></span></span></span></span></p>\r\n<p align=\"justify\"><span><span><span><span><span><b>Mo\u00e7\u00e3o N\u00famero 004/2021</b></span></span></span></span><span><span><span><span><span>-</span></span></span></span></span><span><span><span><span><span> </span></span></span></span></span><span><span><span><span><b>JOS\u00c9 M\u00c1RIO SILVA DOS ANJOS</b></span></span></span></span><span><span><span><span><b> </b></span></span></span></span><span><span><span><span><span>seja consignado na ata dos trabalhos de hoje, voto de profundo pesar pelo falecimento da Senhora </span></span></span></span></span><span><span><span><span><b>MARIA SANTOS (esposa do Sr. Vanberto)</b></span></span></span></span><span><span><span><span><span>, ocorrido no \u00faltimo dia 16.</span></span></span></span></span></span></p>\r\n<p align=\"justify\">\u00a0</p>\r\n<p align=\"center\"><span><span><span><b>Mat\u00e9rias constantes da Ordem do Dia</b></span></span></span></p>\r\n<p align=\"justify\">\u00a0</p>\r\n<p align=\"justify\" class=\"western\"><strong><span><span><span><span><b>Projeto de Lei n\u00b0 001/2021</b></span></span></span></span></strong><strong><span><span><span><span><span>, de autoria da Prefeitura Municipal de Am\u00e9rico Brasiliense, que disp\u00f5e sobre o Plano Plurianual do Munic\u00edpio de Am\u00e9rico Brasiliense, para o per\u00edodo de 2018 a 2021 e da Lei n\u00b0 2298, de 19 de junho de 2020, que disp\u00f5e sobre as Diretrizes Or\u00e7ament\u00e1rias para a elabora\u00e7\u00e3o da Lei Or\u00e7ament\u00e1ria de 2021 e d\u00e1 outras provid\u00eancias - </span></span></span></span></span></strong><strong><span><span><span><span><b>APROVADO</b></span></span></span></span></strong></p>\r\n<p align=\"justify\" class=\"western\">\u00a0</p>\r\n<p align=\"justify\"><span><strong><span><span><span><span><b>Projeto de Lei n\u00b0 00</b></span></span></span></span></strong><strong><span><span>3/2021, </span></span></strong><strong><span><span><span>de autoria da Vereadora Marly Luzia Held Pav\u00e3o, que autoriza o desmembramento, divis\u00e3o amig\u00e1vel e unifica\u00e7\u00e3o de lotes urbanos para fins de regulariza\u00e7\u00e3o junto ao 2\u00b0 Cart\u00f3rio de Registro de Im\u00f3veis da Comarca de Araraquara \u2013 SP, e d\u00e1 outras provid\u00eancias </span></span></span></strong><strong><span><span><span>\u2013 </span></span></span></strong><strong><span><span><b>APROVADO</b></span></span></strong></span></p>\r\n<p align=\"justify\">\u00a0</p>\r\n<p align=\"justify\" class=\"western\"><a name=\"__DdeLink__6262_2348772399\"></a> <strong><span><span>Projeto de Lei n\u00b0 004/2021,</span></span></strong><span><span>\u00a0</span></span><span><span>de autoria </span></span><span><span><span><span>da Prefeitura Municipal de Am\u00e9rico Brasiliense</span></span></span></span><span><span>, que d\u00e1 denomina\u00e7\u00e3o de \u201cJAIME ROCHA VIANA\u201d \u00e0 Pra\u00e7a P\u00fablica que especifica e d\u00e1 outras provid\u00eancias \u2013 </span></span><span><span><b>APROVADO</b></span></span></p>\r\n<p align=\"justify\" class=\"western\">\u00a0</p>\r\n<p align=\"justify\">\u00a0</p>\r\n<p align=\"justify\">\u00a0</p>\r\n<ul>\r\n<li>\r\n<p align=\"justify\" class=\"western\"><span><span>Para assistir a sess\u00e3o na \u00edntegra, siga pelo link https://www.youtube.com/watch?v=eZQmsT9DmLw</span></span></p>\r\n</li>\r\n<li>\r\n<p align=\"justify\" class=\"western\"><span><span>Acompanhe tamb\u00e9m nosso Canal do Youtube - </span></span><span><a href=\"https://www.youtube.com/channel/UCXkHkbDa_IEDbrqOJT_CgKA\" target=\"_blank\"><span><span><span><span>https://www.youtube.com/channel/UCXkHkbDa_IEDbrqOJT_CgKA</span></span></span></span></a></span><span><span><span>\u00a0</span></span></span></p>\r\n</li>\r\n</ul>\r\n<p align=\"justify\" class=\"western\">\u00a0</p>\r\n<p align=\"justify\">\u00a0</p>\r\n<p align=\"justify\">\u00a0</p>\r\n<p align=\"justify\">\u00a0</p>", "author_name": "administrador", "version": "1.0", "author_url": "https://www.camaraamericobrasiliense.sp.gov.br/author/administrador", "provider_name": "C\u00e2mara Municipal", "type": "rich"}