{"provider_url": "https://www.camaraamericobrasiliense.sp.gov.br", "title": "Vereadores prestigiam jogo solid\u00e1rio", "html": "<p><img src=\"https://www.camaraamericobrasiliense.sp.gov.br/copy_of_Vereadoresprestigiamjogosolidrio.jpg/@@images/70833b68-eeb8-4324-8978-b359205c1600.jpeg\" alt=\"Jogo Solid\u00e1rio em Am\u00e9rico Brasiliense\" class=\"image-inline\" title=\"Jogo Solid\u00e1rio em Am\u00e9rico Brasiliense\" /></p>\r\n<p>Jogo Solid\u00e1rio em Am\u00e9rico Brasiliense. (Imagem: Den\u00edlson Lopes de Andrade)</p>\r\n<p>Na manh\u00e3 do \u00faltimo s\u00e1bado, dia 09 de outubro, e em comemora\u00e7\u00e3o ao Dia das Crian\u00e7as, o gin\u00e1sio Municipal de Esportes \u2018Nov\u00eanio Pavan Filho\u2019, em Am\u00e9rico Brasiliense (SP), foi palco do \u2018Jogo Solid\u00e1rio\u2019, promovido por Felipe Joioso, vereador Leandro Mancha e outros parceiros.\u00a0 O evento contou com a presen\u00e7a dos artistas Felipe Prior \u2013 Ex-BBB, Pedrinho \u201cAn\u00e3o do P\u00e2nico\u201d, a influenciadora digital Danielle Carmona, al\u00e9m do prefeito de Am\u00e9rico, Dirceu Pano, prefeito de Santa L\u00facia Luizinho Noli, presidente do legislativo Z\u00e9 Roberto, vereadores, diretores, chefes e cerca de 150 alunos das escolas municipais que vieram acompanhados com professores.</p>\r\n<p>\u00a0</p>\r\n<p><img src=\"https://www.camaraamericobrasiliense.sp.gov.br/Alunoseprofessoresnoginsiodeesportes.png/@@images/6c35ca0a-ec3c-48df-ba14-7715dfda6bb6.png\" alt=\"Alunos e professores no gin\u00e1sio de esportes\" class=\"image-inline\" title=\"Alunos e professores no gin\u00e1sio de esportes\" /></p>\r\n<p>Alunos e professores no gin\u00e1sio de esportes. (Foto: Den\u00edlson Lopes de Andrade)</p>\r\n<p>\u00a0</p>\r\n<p><img src=\"https://www.camaraamericobrasiliense.sp.gov.br/ValdeciPanoanimouoeventonoginsio.png\" alt=\"Valdeci Pano animou o evento no gin\u00e1sio\" class=\"image-inline\" title=\"Valdeci Pano animou o evento no gin\u00e1sio\" /></p>\r\n<p>Valdeci Pano animou o evento no gin\u00e1sio. (Imagem: Den\u00edlson Lopes de Andrade)</p>\r\n<p><img src=\"https://www.camaraamericobrasiliense.sp.gov.br/VereadoresdeAmricoprestigiandooevento.png/@@images/5da88ed1-92dc-4dda-bea9-3f05f52b404e.png\" alt=\"Vereadores de Am\u00e9rico prestigiando o evento. (Imagem: Den\u00edlson Lopes de Andrade).\" class=\"image-inline\" title=\"Vereadores de Am\u00e9rico prestigiando o evento. (Imagem: Den\u00edlson Lopes de Andrade).\" /></p>\r\n<p>Vereadores de Am\u00e9rico prestigiando o evento. (Imagem: Den\u00edlson Lopes de Andrade).</p>\r\n<p>De acordo com o organizador Felipe Joioso, atrav\u00e9s de Lives Solid\u00e1rias promovidas por eles, muitas fam\u00edlias da cidade de Am\u00e9rico e regi\u00e3o j\u00e1 foram beneficiadas com cestas b\u00e1sicas, brinquedos infantis e outras benfeitorias, entre elas: cerca de 2 mil bolas que foram doadas ap\u00f3s este Jogo Solid\u00e1rio. Joioso destacou o momento dif\u00edcil em que a sociedade brasileira atravessa e \u00e0 import\u00e2ncia de os seres humanos praticarem o bem.</p>\r\n<p><img src=\"https://www.camaraamericobrasiliense.sp.gov.br/jogadorFabianohomenageado.png/@@images/5a487827-f18a-4102-86ad-e05d6f6b8721.png\" alt=\"Vice-prefeito Luzimar, presidente da C\u00e2mara Z\u00e9 Roberto, Ex-jogador Fabiano que foi homenageado, ao lado do prefeito Dirceu Pano. (Imagem: Den\u00edlson Lopes de Andrade)\" class=\"image-inline\" title=\"Vice-prefeito Luzimar, presidente da C\u00e2mara Z\u00e9 Roberto, Ex-jogador Fabiano que foi homenageado, ao lado do prefeito Dirceu Pano. (Imagem: Den\u00edlson Lopes de Andrade)\" /></p>\r\n<p>Vice-prefeito Luzimar, presidente da C\u00e2mara Z\u00e9 Roberto, Ex-jogador Fabiano que foi homenageado, ao lado do prefeito Dirceu Pano. (Imagem: Den\u00edlson Lopes de Andrade)<br /> </p>\r\n<p><img src=\"https://www.camaraamericobrasiliense.sp.gov.br/entregadebolasaosalunos.png/@@images/c85ec4b9-8b95-435a-a74a-e224658c413c.png\" alt=\"Prefeito Dirceu Pano, Felipe Joioso e Leandro Mancha entregando bolas para os alunos. (Imagem: Den\u00edlson Lopes de Andrade)\" class=\"image-inline\" title=\"Prefeito Dirceu Pano, Felipe Joioso e Leandro Mancha entregando bolas para os alunos. (Imagem: Den\u00edlson Lopes de Andrade)\" /></p>\r\n<p>Prefeito Dirceu Pano, Felipe Joioso e Leandro Mancha entregando bolas para os alunos. (Imagem: Den\u00edlson Lopes de Andrade)</p>\r\n<p><b>Poderes executivo e legislativo agradecem</b></p>\r\n<p><img src=\"https://www.camaraamericobrasiliense.sp.gov.br/vereadoresManchaDiegoeJosRoberto.png/@@images/62b2c7bb-c5d6-472c-93bd-5c79b7c62401.png\" alt=\"Vereador Leandro Mancha, Z\u00e9 Roberto \u2013 presidente do legislativo e o vereador Diego Rodrigues. (Imagem: Den\u00edlson Lopes de Andrade)\" class=\"image-inline\" title=\"Vereador Leandro Mancha, Z\u00e9 Roberto \u2013 presidente do legislativo e o vereador Diego Rodrigues. (Imagem: Den\u00edlson Lopes de Andrade)\" /></p>\r\n<p>Vereador Leandro Mancha, Z\u00e9 Roberto \u2013 presidente do legislativo e o vereador Diego Rodrigues. (Imagem: Den\u00edlson Lopes de Andrade)</p>\r\n<p>Em mensagens de agradecimentos ap\u00f3s prestigiarem o jogo, tanto o prefeito municipal Dirceu Pano, o prefeito de Santa L\u00facia Luizinho Noli, quanto o presidente da c\u00e2mara Z\u00e9 Roberto, foram categ\u00f3ricos em agradecer todas as pessoas envolvidas na organiza\u00e7\u00e3o desse evento, em especial Felipe Joioso, o vereador Leandro Mancha e os artistas. Em trechos finais agradeceram tamb\u00e9m a presen\u00e7a dos alunos, professores e demais pessoas que estiveram no gin\u00e1sio de esportes prestigiado e apoiando o evento.</p>\r\n<p><img src=\"https://www.camaraamericobrasiliense.sp.gov.br/PrefeitoLuizinhoNoli.png/@@images/f3d67f91-d794-4347-9429-d53ccd03b191.png\" alt=\"Prefeito Luizinho Noli durante o evento. (Imagem: Den\u00edlson Lopes de Andrade).\" class=\"image-inline\" title=\"Prefeito Luizinho Noli durante o evento. (Imagem: Den\u00edlson Lopes de Andrade).\" /></p>\r\n<p>Prefeito Luizinho Noli durante o evento. (Imagem: Den\u00edlson Lopes de Andrade).</p>\r\n<p><img src=\"https://www.camaraamericobrasiliense.sp.gov.br/vereadoresBahiaCidoDiegoeviceprefeitoLuzimar.png/@@images/cf3a34a2-4181-44f2-b16a-5bb6f44eb677.png\" alt=\"Vereadores Bahia do Corte, Cid\u00e3o Mineiro, Diego Rodrigues e o vice-prefeito Luzimar. (Imagem: Den\u00edlson Lopes de Andrade)\" class=\"image-inline\" title=\"Vereadores Bahia do Corte, Cid\u00e3o Mineiro, Diego Rodrigues e o vice-prefeito Luzimar. (Imagem: Den\u00edlson Lopes de Andrade)\" /></p>\r\n<p>Vereadores Bahia do Corte, Cid\u00e3o Mineiro, Diego Rodrigues e o vice-prefeito Luzimar. (Imagem: Den\u00edlson Lopes de Andrade)</p>\r\n<p>\u00a0</p>\r\n<p>(Fonte: Assessoria de Imprensa da C\u00e2mara Municipal de Am\u00e9rico Brasiliense)</p>", "author_name": "administrador", "version": "1.0", "author_url": "https://www.camaraamericobrasiliense.sp.gov.br/author/administrador", "provider_name": "C\u00e2mara Municipal", "type": "rich"}